{"id":17009,"date":"2021-08-02T18:42:36","date_gmt":"2021-08-02T16:42:36","guid":{"rendered":"https:\/\/tinnunculus.sy-sy.cz\/?p=17009"},"modified":"2026-03-21T08:14:06","modified_gmt":"2026-03-21T07:14:06","slug":"novy-pohled-nejen-do-kose","status":"publish","type":"post","link":"https:\/\/tinnunculus.sy-sy.cz\/index.php\/2021\/08\/02\/novy-pohled-nejen-do-kose\/","title":{"rendered":"Nov\u00fd pohled nejen do ko\u0161e"},"content":{"rendered":"<p><img data-recalc-dims=\"1\" loading=\"lazy\" decoding=\"async\" data-attachment-id=\"17008\" data-permalink=\"https:\/\/tinnunculus.sy-sy.cz\/index.php\/2021\/08\/02\/novy-pohled-nejen-do-kose\/20210802_08-46-43\/\" data-orig-file=\"https:\/\/i0.wp.com\/tinnunculus.sy-sy.cz\/wp-content\/uploads\/2021\/08\/20210802_08-46-43-e1627895873228.jpg?fit=1038%2C584&amp;ssl=1\" data-orig-size=\"1038,584\" data-comments-opened=\"1\" data-image-meta=\"{&quot;aperture&quot;:&quot;0&quot;,&quot;credit&quot;:&quot;&quot;,&quot;camera&quot;:&quot;&quot;,&quot;caption&quot;:&quot;&quot;,&quot;created_timestamp&quot;:&quot;0&quot;,&quot;copyright&quot;:&quot;&quot;,&quot;focal_length&quot;:&quot;0&quot;,&quot;iso&quot;:&quot;0&quot;,&quot;shutter_speed&quot;:&quot;0&quot;,&quot;title&quot;:&quot;&quot;,&quot;orientation&quot;:&quot;0&quot;}\" data-image-title=\"20210802_08-46-43\" data-image-description=\"\" data-image-caption=\"\" data-large-file=\"https:\/\/i0.wp.com\/tinnunculus.sy-sy.cz\/wp-content\/uploads\/2021\/08\/20210802_08-46-43-e1627895873228.jpg?fit=525%2C295&amp;ssl=1\" class=\"aligncenter wp-image-17008 size-large\" src=\"https:\/\/i0.wp.com\/tinnunculus.sy-sy.cz\/wp-content\/uploads\/2021\/08\/20210802_08-46-43.jpg?resize=525%2C295&#038;ssl=1\" alt=\"\" width=\"525\" height=\"295\" \/><\/p>\n<p>&#8222;Na\u0161im&#8220; po\u0161tolk\u00e1m u\u017e pomalu kon\u010d\u00ed leto\u0161n\u00ed hn\u00edzdn\u00ed sez\u00f3na a&nbsp;chystaj\u00ed se na dal\u0161\u00ed. Kon\u010d\u00ed jim p\u00e9\u010de o&nbsp;po\u0161tol\u010data, ale ji\u017e se op\u011bt v\u011bnuj\u00ed hn\u00edzdu a&nbsp;jeho ochran\u011b a&nbsp;same\u010dek se po&nbsp;r\u00e1nu dvo\u0159\u00ed sami\u010dce.\u00a0 I&nbsp;my se chyst\u00e1me na novou sez\u00f3nu. Minul\u00fd t\u00fdden jsme nainstalovali novou kameru (AXIS M1224-E). Je nam\u00ed\u0159ena na ko\u0161 p\u0159ed hn\u00edzdn\u00ed bed\u00fdnkou u&nbsp;dve\u0159\u00ed. <!--more--><\/p>\n<p>Takto to vypadalo, kdy\u017e dom\u00e1c\u00ed pan po\u0161tolka poprv\u00e9 po&nbsp;nainstalov\u00e1n\u00ed kamery nav\u0161t\u00edvil ko\u0161 a&nbsp;hn\u00edzdo za n\u00edm:<\/p>\n<div style=\"width: 525px;\" class=\"wp-video\"><video class=\"wp-video-shortcode\" id=\"video-17009-1\" width=\"525\" height=\"295\" preload=\"metadata\" controls=\"controls\"><source type=\"video\/mp4\" src=\"https:\/\/tinnunculus.sy-sy.cz\/wp-content\/uploads\/2021\/08\/20210802-084625_084706.mp4?_=1\" \/><a href=\"https:\/\/tinnunculus.sy-sy.cz\/wp-content\/uploads\/2021\/08\/20210802-084625_084706.mp4\">https:\/\/tinnunculus.sy-sy.cz\/wp-content\/uploads\/2021\/08\/20210802-084625_084706.mp4<\/a><\/video><\/div>\n<p>Kamera zab\u00edr\u00e1 prakticky cel\u00fd prostor lod\u017eie v\u010detn\u011b m\u00edst, kter\u00e1 bedliv\u00e9mu oku ostatn\u00edch kamer jinak unikaj\u00ed jako poli\u010dka nad bid\u00fdlky nad star\u00fdm hn\u00edzdem. Ta je obl\u00edben\u00fdm no\u010dn\u00edm \u00fakrytem dom\u00e1c\u00ed po\u0161tol\u010d\u00ed sami\u010dky, kdy\u017e se pot\u0159ebuje schovat p\u0159ed dot\u011brn\u00fdmi po\u0161tol\u010daty tak, jako na tomto videoz\u00e1znamu:<\/p>\n<div style=\"width: 525px;\" class=\"wp-video\"><video class=\"wp-video-shortcode\" id=\"video-17009-2\" width=\"525\" height=\"295\" preload=\"metadata\" controls=\"controls\"><source type=\"video\/mp4\" src=\"https:\/\/tinnunculus.sy-sy.cz\/wp-content\/uploads\/2021\/08\/20210802-205958_210029.mp4?_=2\" \/><a href=\"https:\/\/tinnunculus.sy-sy.cz\/wp-content\/uploads\/2021\/08\/20210802-205958_210029.mp4\">https:\/\/tinnunculus.sy-sy.cz\/wp-content\/uploads\/2021\/08\/20210802-205958_210029.mp4<\/a><\/video><\/div>\n<p>Co dal\u0161\u00edho n\u00e1m kamera je\u0161t\u011b p\u0159ibl\u00ed\u017e\u00ed, to se uk\u00e1\u017ee v&nbsp;n\u00e1sleduj\u00edc\u00edch dnech. Najdete ji mezi ostatn\u00edmi jako <a href=\"https:\/\/tinnunculus.sy-sy.cz\/index.php\/nase-kamery\/kamera-13\/\">kameru 13<\/a>.<\/p>\n","protected":false},"excerpt":{"rendered":"<p>Aneb o&nbsp;tom, jak jsme nainstalovali do na\u0161\u00ed lod\u017eie t\u0159in\u00e1ctou kameru a&nbsp;co v\u0161echno n\u00e1m ukazuje.<\/p>\n","protected":false},"author":2,"featured_media":0,"comment_status":"open","ping_status":"open","sticky":false,"template":"","format":"standard","meta":{"jetpack_post_was_ever_published":false,"_jetpack_newsletter_access":"","_jetpack_dont_email_post_to_subs":false,"_jetpack_newsletter_tier_id":0,"_jetpack_memberships_contains_paywalled_content":false,"_jetpack_memberships_contains_paid_content":false,"footnotes":""},"categories":[147,118,142,116,149,105,110,1596,307,114,108],"tags":[907,23,90,91,27],"class_list":["post-17009","post","type-post","status-publish","format-standard","hentry","category-nase-postolky","category-kamery","category-dravec","category-nasi","category-z-nasi-lodzie","category-postolka","category-postolka-obecna","category-postolky-z-nasi-lodzie","category-ptaci","category-zivy-prenos","category-ostatni-zvirena","tag-907","tag-ps_38","tag-ps_96","tag-ps_95","tag-ps_13"],"jetpack_featured_media_url":"","jetpack_shortlink":"https:\/\/wp.me\/p91gKE-4ql","jetpack-related-posts":[{"id":37112,"url":"https:\/\/tinnunculus.sy-sy.cz\/index.php\/2024\/07\/24\/po-sezone\/","url_meta":{"origin":17009,"position":0},"title":"Po sez\u00f3n\u011b","author":"Zuzana Syrov\u00e1 An\u00fd\u017eov\u00e1","date":"24\/07\/2024","format":false,"excerpt":"Aneb o tom, jak se \"n\u00e1\u0161\" po\u0161tol\u010d\u00ed p\u00e1r vrac\u00ed po hn\u00edzdn\u00ed sez\u00f3n\u011b ke star\u00fdm zvyk\u016fm, a tak\u00e9 o tom, jak jsme vym\u011bnili kameru \u010d.15.","rel":"","context":"V \u201e\"Na\u0161e\" po\u0161tolky\u201c","block_context":{"text":"\"Na\u0161e\" po\u0161tolky","link":"https:\/\/tinnunculus.sy-sy.cz\/index.php\/category\/nasi\/nase-postolky\/"},"img":{"alt_text":"","src":"https:\/\/i0.wp.com\/tinnunculus.sy-sy.cz\/wp-content\/uploads\/2024\/07\/20240724-0646411929-1024x576.jpg?resize=350%2C200&ssl=1","width":350,"height":200,"srcset":"https:\/\/i0.wp.com\/tinnunculus.sy-sy.cz\/wp-content\/uploads\/2024\/07\/20240724-0646411929-1024x576.jpg?resize=350%2C200&ssl=1 1x, https:\/\/i0.wp.com\/tinnunculus.sy-sy.cz\/wp-content\/uploads\/2024\/07\/20240724-0646411929-1024x576.jpg?resize=525%2C300&ssl=1 1.5x"},"classes":[]},{"id":19530,"url":"https:\/\/tinnunculus.sy-sy.cz\/index.php\/2022\/08\/05\/novy-pohled-na-operence\/","url_meta":{"origin":17009,"position":1},"title":"Nov\u00fd pohled na ope\u0159ence","author":"Zuzana Syrov\u00e1 An\u00fd\u017eov\u00e1","date":"05\/08\/2022","format":false,"excerpt":"Aneb o tom, jak jsme reinstalovali dv\u011b kamery, co se na nich d\u00e1 vid\u011bt a tak\u00e9 o tom, jak dom\u00e1c\u00ed pan po\u0161tolka proh\u00e1n\u00ed drz\u00e9 holuby.","rel":"","context":"V \u201e\"Na\u0161e\" po\u0161tolky\u201c","block_context":{"text":"\"Na\u0161e\" po\u0161tolky","link":"https:\/\/tinnunculus.sy-sy.cz\/index.php\/category\/nasi\/nase-postolky\/"},"img":{"alt_text":"","src":"https:\/\/i0.wp.com\/tinnunculus.sy-sy.cz\/wp-content\/uploads\/2022\/08\/2022-08-05-1239500637-e1659707494289.jpg?resize=350%2C200&ssl=1","width":350,"height":200,"srcset":"https:\/\/i0.wp.com\/tinnunculus.sy-sy.cz\/wp-content\/uploads\/2022\/08\/2022-08-05-1239500637-e1659707494289.jpg?resize=350%2C200&ssl=1 1x, https:\/\/i0.wp.com\/tinnunculus.sy-sy.cz\/wp-content\/uploads\/2022\/08\/2022-08-05-1239500637-e1659707494289.jpg?resize=525%2C300&ssl=1 1.5x, https:\/\/i0.wp.com\/tinnunculus.sy-sy.cz\/wp-content\/uploads\/2022\/08\/2022-08-05-1239500637-e1659707494289.jpg?resize=700%2C400&ssl=1 2x"},"classes":[]},{"id":18042,"url":"https:\/\/tinnunculus.sy-sy.cz\/index.php\/2022\/03\/07\/staronovy-pohled-na-zabradli\/","url_meta":{"origin":17009,"position":2},"title":"(Staro)nov\u00fd pohled na z\u00e1bradl\u00ed","author":"Zuzana Syrov\u00e1 An\u00fd\u017eov\u00e1","date":"07\/03\/2022","format":false,"excerpt":"Aneb o tom, jak jsme nainstalovali do na\u0161\u00ed lod\u017eie \u010dtrn\u00e1ctou kameru a co v\u0161echno n\u00e1m ukazuje.","rel":"","context":"V \u201e\"Na\u0161e\" po\u0161tolky\u201c","block_context":{"text":"\"Na\u0161e\" po\u0161tolky","link":"https:\/\/tinnunculus.sy-sy.cz\/index.php\/category\/nasi\/nase-postolky\/"},"img":{"alt_text":"","src":"https:\/\/i0.wp.com\/tinnunculus.sy-sy.cz\/wp-content\/uploads\/2022\/03\/20220305-0806164820-1-e1646548567165.jpg?resize=350%2C200&ssl=1","width":350,"height":200,"srcset":"https:\/\/i0.wp.com\/tinnunculus.sy-sy.cz\/wp-content\/uploads\/2022\/03\/20220305-0806164820-1-e1646548567165.jpg?resize=350%2C200&ssl=1 1x, https:\/\/i0.wp.com\/tinnunculus.sy-sy.cz\/wp-content\/uploads\/2022\/03\/20220305-0806164820-1-e1646548567165.jpg?resize=525%2C300&ssl=1 1.5x, https:\/\/i0.wp.com\/tinnunculus.sy-sy.cz\/wp-content\/uploads\/2022\/03\/20220305-0806164820-1-e1646548567165.jpg?resize=700%2C400&ssl=1 2x"},"classes":[]},{"id":24014,"url":"https:\/\/tinnunculus.sy-sy.cz\/index.php\/2023\/07\/12\/hnizdo-nove\/","url_meta":{"origin":17009,"position":3},"title":"Hn\u00edzdo nov\u011b","author":"Zuzana Syrov\u00e1 An\u00fd\u017eov\u00e1","date":"12\/07\/2023","format":false,"excerpt":"Aneb o tom, jak jsme v ned\u011bli vylep\u0161ili po\u0161tol\u010d\u00ed hn\u00edzdo novou podest\u00fdlkou a novou kamerou, a tak\u00e9 o tom, jak ty zm\u011bny p\u0159ijaly \"na\u0161e\" po\u0161tolky.","rel":"","context":"V \u201e\"Na\u0161e\" po\u0161tolky\u201c","block_context":{"text":"\"Na\u0161e\" po\u0161tolky","link":"https:\/\/tinnunculus.sy-sy.cz\/index.php\/category\/nasi\/nase-postolky\/"},"img":{"alt_text":"","src":"https:\/\/i0.wp.com\/tinnunculus.sy-sy.cz\/wp-content\/uploads\/2023\/07\/2023-07-12-0741539258-e1689156617295-1024x576.jpg?resize=350%2C200&ssl=1","width":350,"height":200,"srcset":"https:\/\/i0.wp.com\/tinnunculus.sy-sy.cz\/wp-content\/uploads\/2023\/07\/2023-07-12-0741539258-e1689156617295-1024x576.jpg?resize=350%2C200&ssl=1 1x, https:\/\/i0.wp.com\/tinnunculus.sy-sy.cz\/wp-content\/uploads\/2023\/07\/2023-07-12-0741539258-e1689156617295-1024x576.jpg?resize=525%2C300&ssl=1 1.5x"},"classes":[]},{"id":86,"url":"https:\/\/tinnunculus.sy-sy.cz\/index.php\/2014\/04\/13\/live-view-co-a-jak\/","url_meta":{"origin":17009,"position":4},"title":"Live view &#8211; co a&nbsp;jak","author":"Zuzana Syrov\u00e1 An\u00fd\u017eov\u00e1","date":"13\/04\/2014","format":false,"excerpt":"P\u0159enos pomoc\u00ed AXIS Live view ji\u017e od 24. listopadu 2023 nezp\u0159\u00edstup\u0148ujeme, Text, kter\u00fd popisuje stav p\u0159ed t\u00edmto datem. zde ponech\u00e1v\u00e1me beze zm\u011bny v\u010detn\u011b \u010dasu p\u0159\u00edtomn\u00e9ho: \"Na\u0161e\" po\u0161tolky a od r. 2017 i ror\u00fdsy je mo\u017eno sledovat na sy-sy.cz:1060 (d\u0159\u00edve http:\/\/postole.axiscam.net:1060). Zav\u00edt\u00e1te-li na tuto str\u00e1nku poprv\u00e9, tak, pokud nem\u00e1te nainstalov\u00e1n AXIS\u2026","rel":"","context":"V \u201e\"Na\u0161e\" po\u0161tolky\u201c","block_context":{"text":"\"Na\u0161e\" po\u0161tolky","link":"https:\/\/tinnunculus.sy-sy.cz\/index.php\/category\/nasi\/nase-postolky\/"},"img":{"alt_text":"","src":"https:\/\/i0.wp.com\/tinnunculus.sy-sy.cz\/wp-content\/uploads\/2014\/04\/AXIS_Lview05a.jpg?resize=350%2C200&ssl=1","width":350,"height":200,"srcset":"https:\/\/i0.wp.com\/tinnunculus.sy-sy.cz\/wp-content\/uploads\/2014\/04\/AXIS_Lview05a.jpg?resize=350%2C200&ssl=1 1x, https:\/\/i0.wp.com\/tinnunculus.sy-sy.cz\/wp-content\/uploads\/2014\/04\/AXIS_Lview05a.jpg?resize=525%2C300&ssl=1 1.5x, https:\/\/i0.wp.com\/tinnunculus.sy-sy.cz\/wp-content\/uploads\/2014\/04\/AXIS_Lview05a.jpg?resize=700%2C400&ssl=1 2x"},"classes":[]},{"id":13785,"url":"https:\/\/tinnunculus.sy-sy.cz\/index.php\/2020\/09\/23\/zostreni-pohledu\/","url_meta":{"origin":17009,"position":5},"title":"Zost\u0159en\u00ed pohledu","author":"Zuzana Syrov\u00e1 An\u00fd\u017eov\u00e1","date":"23\/09\/2020","format":false,"excerpt":"Aneb o tom, jak n\u00e1m jedna kamera p\u0159ibyla, jedna ubyla a t\u0159i dal\u0161\u00ed se p\u0159est\u011bhovaly.","rel":"","context":"V \u201e\"Na\u0161e\" po\u0161tolky\u201c","block_context":{"text":"\"Na\u0161e\" po\u0161tolky","link":"https:\/\/tinnunculus.sy-sy.cz\/index.php\/category\/nasi\/nase-postolky\/"},"img":{"alt_text":"","src":"https:\/\/i0.wp.com\/tinnunculus.sy-sy.cz\/wp-content\/uploads\/2020\/09\/20200923-1022374926-1024x576.jpg?resize=350%2C200&ssl=1","width":350,"height":200,"srcset":"https:\/\/i0.wp.com\/tinnunculus.sy-sy.cz\/wp-content\/uploads\/2020\/09\/20200923-1022374926-1024x576.jpg?resize=350%2C200&ssl=1 1x, https:\/\/i0.wp.com\/tinnunculus.sy-sy.cz\/wp-content\/uploads\/2020\/09\/20200923-1022374926-1024x576.jpg?resize=525%2C300&ssl=1 1.5x"},"classes":[]}],"jetpack_sharing_enabled":true,"_links":{"self":[{"href":"https:\/\/tinnunculus.sy-sy.cz\/index.php\/wp-json\/wp\/v2\/posts\/17009","targetHints":{"allow":["GET"]}}],"collection":[{"href":"https:\/\/tinnunculus.sy-sy.cz\/index.php\/wp-json\/wp\/v2\/posts"}],"about":[{"href":"https:\/\/tinnunculus.sy-sy.cz\/index.php\/wp-json\/wp\/v2\/types\/post"}],"author":[{"embeddable":true,"href":"https:\/\/tinnunculus.sy-sy.cz\/index.php\/wp-json\/wp\/v2\/users\/2"}],"replies":[{"embeddable":true,"href":"https:\/\/tinnunculus.sy-sy.cz\/index.php\/wp-json\/wp\/v2\/comments?post=17009"}],"version-history":[{"count":2,"href":"https:\/\/tinnunculus.sy-sy.cz\/index.php\/wp-json\/wp\/v2\/posts\/17009\/revisions"}],"predecessor-version":[{"id":27062,"href":"https:\/\/tinnunculus.sy-sy.cz\/index.php\/wp-json\/wp\/v2\/posts\/17009\/revisions\/27062"}],"wp:attachment":[{"href":"https:\/\/tinnunculus.sy-sy.cz\/index.php\/wp-json\/wp\/v2\/media?parent=17009"}],"wp:term":[{"taxonomy":"category","embeddable":true,"href":"https:\/\/tinnunculus.sy-sy.cz\/index.php\/wp-json\/wp\/v2\/categories?post=17009"},{"taxonomy":"post_tag","embeddable":true,"href":"https:\/\/tinnunculus.sy-sy.cz\/index.php\/wp-json\/wp\/v2\/tags?post=17009"}],"curies":[{"name":"wp","href":"https:\/\/api.w.org\/{rel}","templated":true}]}}