{"id":169,"date":"2014-12-06T09:22:13","date_gmt":"2014-12-06T07:22:13","guid":{"rendered":"http:\/\/tinnunculus.sy-sy.cz\/index.php\/2014\/12\/06\/o-postolkach-vetru-atd\/"},"modified":"2025-12-14T22:16:25","modified_gmt":"2025-12-14T21:16:25","slug":"o-postolkach-vetru-atd","status":"publish","type":"post","link":"https:\/\/tinnunculus.sy-sy.cz\/index.php\/2014\/12\/06\/o-postolkach-vetru-atd\/","title":{"rendered":"O po\u0161tolk\u00e1ch, v\u011btru, atd."},"content":{"rendered":"<div class=\"article-main-content\">\n<div class=\"article-content\">\n<p>Co najdete pomoc\u00ed Googlu, zad\u00e1te-li do vyhled\u00e1va\u010de <em>o po\u0161tolk\u00e1ch<\/em>?<\/p>\n<ul>\n<li><a title=\"O po\u0161tolk\u00e1ch, v\u011btru, atd.\" href=\"http:\/\/intermedia.ffa.vutbr.cz\/o-postolkach-vetru-atd-martin-cab\" target=\"_blank\" rel=\"noopener noreferrer\">studentskou pr\u00e1ci Martina C\u00e1ba z&nbsp;FaVU VUT Brno O&nbsp;po\u0161tol\u00e1ch v\u011btr, atd.<\/a><\/li>\n<li>str\u00e1nky \u010cSOP Blatn\u00e1 odkazuj\u00edc\u00ed na p\u0159enos z&nbsp;hn\u00edzda po\u0161tolky obecn\u00e9 v&nbsp;Blatn\u00e9 (<em>http:\/\/www.csop.cz\/blatna\/postolky.php<\/em>)<\/li>\n<li><a title=\"\u0160\u00eddla\" href=\"http:\/\/www.oddileceksidlicek.estranky.cz\/clanky\/o-postolkach\/postolky.html\" target=\"_blank\" rel=\"noopener noreferrer\">str\u00e1nku dru\u017einy Po\u0161tolky d\u00edv\u010d\u00edho odd\u00edlu \u0160\u00eddla<\/a><\/li>\n<li><a title=\"Po\u0161tolka obecn\u00e1\" href=\"http:\/\/cs.wikipedia.org\/wiki\/Po%C5%A1tolka_obecn%C3%A1\" target=\"_blank\" rel=\"noopener noreferrer\">po\u0161tolku obecnou na Wikipedii<\/a><\/li>\n<li>ot\u00e1zky a&nbsp;odpov\u011bdi z&nbsp;poradny na str\u00e1nk\u00e1ch Po\u0161tolka obecn\u00e1 (<em>http:\/\/www.postolka-obecna.cz\/zeptejte-se\/<\/em>)<\/li>\n<li>\u010dl\u00e1nek o&nbsp;s\u010d\u00edt\u00e1n\u00ed po\u0161tolky obecn\u00e9 v&nbsp;roce 2003 v&nbsp;Plzni (<em>https:\/\/www.ochranazvirat.cz\/82\/czech\/clanek\/plzensti-ochranci-prirody-scitaji-postolky-a-zadaji-o-pomoc-ekolist-8-7-2003-\/<\/em>)<\/li>\n<li>tento blog<\/li>\n<li>informace o&nbsp;po\u0161tolce obecn\u00e9 na str\u00e1k\u00e1ch Ochrany p\u0159\u00edrody a&nbsp;krajiny pra\u017esk\u00e9ho magistr\u00e1tu (<em>http:\/\/www.wmap.cz\/opk\/ptaci\/ptak\/ptak17.htm<\/em>)<\/li>\n<li>vyhl\u00e1\u0161en\u00ed po\u0161tolky obecn\u00e9 pt\u00e1kem roku 2002 na str\u00e1nk\u00e1ch \u010cSOP (<em>http:\/\/www.birdlife.cz\/index.php?ID=370<\/em>)<\/li>\n<li><a title=\"Hlas pro tento den\" href=\"https:\/\/temata.rozhlas.cz\/zakladni-udaje-o-postolce-obecne-7967615?_gl=1*8x0ih*_gcl_au*MjA0NDk3NTUzMC4xNzYxNjM1MDEw*_ga*NTEwNzI3NjAyLjE3NTM0Mjc1Nzc.*_ga_NHXTP7RWNV*czE3NjI2OTY5MTckbzEyJGcxJHQxNzYyNjk3MDA1JGo0MSRsMCRoMTUyODA1NDA2MQ..\" target=\"_blank\" rel=\"noopener noreferrer\">z\u00e1kladn\u00ed \u00fadaje o&nbsp;po\u0161tolce obecn\u00e9 na str\u00e1nk\u00e1ch \u010cesk\u00e9ho rozhlasu<\/a><\/li>\n<li>\u010dl\u00e1nek o&nbsp;tom, jak se po\u0161tolk\u00e1m zal\u00edbilo na jednom balkon\u011b v&nbsp;Ro\u017enov\u011b pod Radho\u0161t\u011bm (<em>http:\/\/www.csopradhost.org\/index.php?option=com_content&amp;task=view&amp;id=256&amp;Itemid=159<\/em>)<\/li>\n<li>informaci o&nbsp;dni dravc\u016f v&nbsp;\u010deskot\u0159ebovsk\u00e9m Ekocentru (<em>http:\/\/www.oik.cz\/view.php?cisloclanku=2004030303<\/em>)<\/li>\n<li>a dal\u0161\u00ed a&nbsp;dal\u0161\u00ed a&nbsp;dal\u0161\u00ed&#8230; (p\u0159ibli\u017en\u00fd po\u010det v\u00fdsledk\u016f: 240\u00a0000):<\/li>\n<\/ul>\n<p><a href=\"https:\/\/i0.wp.com\/tinnunculus.sy-sy.cz\/wp-content\/uploads\/2014\/12\/Cab_Postolka_02.jpg?ssl=1\" target=\"_blank\" rel=\"noopener\"><img data-recalc-dims=\"1\" loading=\"lazy\" decoding=\"async\" data-attachment-id=\"31662\" data-permalink=\"https:\/\/tinnunculus.sy-sy.cz\/index.php\/2014\/12\/06\/o-postolkach-vetru-atd\/cab_postolka_02\/\" data-orig-file=\"https:\/\/i0.wp.com\/tinnunculus.sy-sy.cz\/wp-content\/uploads\/2014\/12\/Cab_Postolka_02.jpg?fit=936%2C303&amp;ssl=1\" data-orig-size=\"936,303\" data-comments-opened=\"1\" data-image-meta=\"{&quot;aperture&quot;:&quot;0&quot;,&quot;credit&quot;:&quot;&quot;,&quot;camera&quot;:&quot;&quot;,&quot;caption&quot;:&quot;&quot;,&quot;created_timestamp&quot;:&quot;0&quot;,&quot;copyright&quot;:&quot;&quot;,&quot;focal_length&quot;:&quot;0&quot;,&quot;iso&quot;:&quot;0&quot;,&quot;shutter_speed&quot;:&quot;0&quot;,&quot;title&quot;:&quot;&quot;,&quot;orientation&quot;:&quot;0&quot;}\" data-image-title=\"Cab_Postolka_02\" data-image-description=\"\" data-image-caption=\"\" data-large-file=\"https:\/\/i0.wp.com\/tinnunculus.sy-sy.cz\/wp-content\/uploads\/2014\/12\/Cab_Postolka_02.jpg?fit=525%2C170&amp;ssl=1\" class=\"aligncenter wp-image-31662 size-full\" src=\"https:\/\/i0.wp.com\/tinnunculus.sy-sy.cz\/wp-content\/uploads\/2014\/12\/Cab_Postolka_02.jpg?resize=525%2C170&#038;ssl=1\" alt=\"\" width=\"525\" height=\"170\" srcset=\"https:\/\/i0.wp.com\/tinnunculus.sy-sy.cz\/wp-content\/uploads\/2014\/12\/Cab_Postolka_02.jpg?w=936&amp;ssl=1 936w, https:\/\/i0.wp.com\/tinnunculus.sy-sy.cz\/wp-content\/uploads\/2014\/12\/Cab_Postolka_02.jpg?resize=300%2C97&amp;ssl=1 300w, https:\/\/i0.wp.com\/tinnunculus.sy-sy.cz\/wp-content\/uploads\/2014\/12\/Cab_Postolka_02.jpg?resize=768%2C249&amp;ssl=1 768w\" sizes=\"auto, (max-width: 767px) 89vw, (max-width: 1000px) 54vw, (max-width: 1071px) 543px, 580px\" \/><\/a><\/p>\n<div><\/div>\n<p style=\"text-align: center;\"><em><a title=\"O po\u0161tolk\u00e1ch, v\u011btru, atd.\" href=\"http:\/\/intermedia.ffa.vutbr.cz\/o-postolkach-vetru-atd-martin-cab\" target=\"_blank\" rel=\"noopener noreferrer\"><u>Martin C\u00e1b: O&nbsp;po\u0161tolk\u00e1ch, v\u011btru atd.<\/u><\/a>, cca 10 x 30 cm, fixy, tu\u017eky, propisky na milimetrov\u00e9m pap\u00ed\u0159e, 2011<\/em><\/p>\n<p><em>Pozn. V\u00fdb\u011br odkaz\u016f na informace o&nbsp;po\u0161tolk\u00e1ch najdete <a href=\"https:\/\/tinnunculus.sy-sy.cz\/index.php\/2013\/05\/14\/odkazy-postolky-online-a-informace-o-postolkach\/\">zde<\/a>. <\/em><\/p>\n<\/div>\n<\/div>\n","protected":false},"excerpt":{"rendered":"<p>Co najdete pomoc\u00ed Googlu, zad\u00e1te-li do vyhled\u00e1va\u010de o&nbsp;po\u0161tolk\u00e1ch? studentskou pr\u00e1ci Martina C\u00e1ba z&nbsp;FaVU VUT Brno O&nbsp;po\u0161tol\u00e1ch v\u011btr, atd. str\u00e1nky \u010cSOP Blatn\u00e1 odkazuj\u00edc\u00ed na p\u0159enos z&nbsp;hn\u00edzda po\u0161tolky obecn\u00e9 v&nbsp;Blatn\u00e9 (http:\/\/www.csop.cz\/blatna\/postolky.php) str\u00e1nku dru\u017einy Po\u0161tolky d\u00edv\u010d\u00edho odd\u00edlu \u0160\u00eddla po\u0161tolku obecnou na Wikipedii ot\u00e1zky a&nbsp;odpov\u011bdi z&nbsp;poradny na str\u00e1nk\u00e1ch Po\u0161tolka obecn\u00e1 (http:\/\/www.postolka-obecna.cz\/zeptejte-se\/) \u010dl\u00e1nek o&nbsp;s\u010d\u00edt\u00e1n\u00ed po\u0161tolky obecn\u00e9 v&nbsp;roce 2003 v&nbsp;Plzni &hellip; <\/p>\n<p class=\"link-more\"><a href=\"https:\/\/tinnunculus.sy-sy.cz\/index.php\/2014\/12\/06\/o-postolkach-vetru-atd\/\" class=\"more-link\">Pokra\u010dovat ve \u010dten\u00ed<span class=\"screen-reader-text\"> &#8222;O&nbsp;po\u0161tolk\u00e1ch, v\u011btru, atd.&#8220;<\/span><\/a><\/p>\n","protected":false},"author":2,"featured_media":0,"comment_status":"closed","ping_status":"open","sticky":false,"template":"","format":"link","meta":{"jetpack_post_was_ever_published":false,"_jetpack_newsletter_access":"","_jetpack_dont_email_post_to_subs":false,"_jetpack_newsletter_tier_id":0,"_jetpack_memberships_contains_paywalled_content":false,"_jetpack_memberships_contains_paid_content":false,"footnotes":""},"categories":[105,110],"tags":[5,6,91],"class_list":["post-169","post","type-post","status-publish","format-link","hentry","category-postolka","category-postolka-obecna","tag-ps_28","tag-ps_14","tag-ps_95","post_format-post-format-link"],"jetpack_featured_media_url":"","jetpack_shortlink":"https:\/\/wp.me\/p91gKE-2J","jetpack-related-posts":[{"id":4395,"url":"https:\/\/tinnunculus.sy-sy.cz\/index.php\/2018\/03\/27\/velikonocni-vejce\/","url_meta":{"origin":169,"position":0},"title":"Velikono\u010dn\u00ed vejce","author":"Zuzana Syrov\u00e1 An\u00fd\u017eov\u00e1","date":"27\/03\/2018","format":false,"excerpt":"U n\u00e1s z\u0159ejm\u011b velikono\u010dn\u00ed vejce po\u0161tolky ani brhl\u00edci nestihnou. V Blatn\u00e9 u\u017e je ale maj\u00ed. Jak se uk\u00e1zalo na \u010derstv\u011b znovuspu\u0161t\u011bn\u00e9m p\u0159enosu z hn\u00edzda na budov\u011b domova ml\u00e1de\u017ee p\u0159i SO\u015a, maj\u00ed dokonce vejce dv\u011b. Je\u0161t\u011b r\u00e1no byla vejce t\u0159i, tak jak ostatn\u011b uv\u00e1d\u00ed i z\u00e1znam z 24. 3. 2018 v\u2026","rel":"","context":"V \u201eFalco tinnunculus online\u201c","block_context":{"text":"Falco tinnunculus online","link":"https:\/\/tinnunculus.sy-sy.cz\/index.php\/category\/zivy-prenos\/odjinud\/falco-tinnunculus-online\/"},"img":{"alt_text":"","src":"https:\/\/i0.wp.com\/tinnunculus.sy-sy.cz\/wp-content\/uploads\/2018\/03\/Screenshot-2018-3-27-SO%C5%A0-Blatn%C3%A1-Po%C5%A1tolky-v.jpg?resize=350%2C200&ssl=1","width":350,"height":200,"srcset":"https:\/\/i0.wp.com\/tinnunculus.sy-sy.cz\/wp-content\/uploads\/2018\/03\/Screenshot-2018-3-27-SO%C5%A0-Blatn%C3%A1-Po%C5%A1tolky-v.jpg?resize=350%2C200&ssl=1 1x, https:\/\/i0.wp.com\/tinnunculus.sy-sy.cz\/wp-content\/uploads\/2018\/03\/Screenshot-2018-3-27-SO%C5%A0-Blatn%C3%A1-Po%C5%A1tolky-v.jpg?resize=525%2C300&ssl=1 1.5x"},"classes":[]},{"id":185,"url":"https:\/\/tinnunculus.sy-sy.cz\/index.php\/2015\/03\/26\/velikonoce-se-blizi\/","url_meta":{"origin":169,"position":1},"title":"Velikonoce se bl\u00ed\u017e\u00ed","author":"Zuzana Syrov\u00e1 An\u00fd\u017eov\u00e1","date":"26\/03\/2015","format":false,"excerpt":"Bl\u00ed\u017e\u00ed-li se velikonoce, je t\u0159eba se poohlednout po vejc\u00edch. Jak to letos vypad\u00e1 s t\u011bmi po\u0161tol\u010d\u00edmi? Na n\u011bkter\u00fdch hn\u00edzdech sledovan\u00fdch v \u017eiv\u00e9m p\u0159enosu se u\u017e vejce objevila. Rekordmankou je v tomto ohledu z\u0159ejm\u011b sami\u010dka z Blatn\u00e9, kter\u00e1 snesla letos prvn\u00ed vejce u\u017e 22. b\u0159ezna. \u00a0Hrd\u00e1 po\u0161tolka z Blatn\u00e9 po snesen\u00ed\u2026","rel":"","context":"V \u201eFalco tinnunculus online\u201c","block_context":{"text":"Falco tinnunculus online","link":"https:\/\/tinnunculus.sy-sy.cz\/index.php\/category\/zivy-prenos\/odjinud\/falco-tinnunculus-online\/"},"img":{"alt_text":"","src":"https:\/\/i0.wp.com\/tinnunculus.sy-sy.cz\/wp-content\/uploads\/2015\/03\/blatna_20150326-1645a.jpg?resize=350%2C200&ssl=1","width":350,"height":200,"srcset":"https:\/\/i0.wp.com\/tinnunculus.sy-sy.cz\/wp-content\/uploads\/2015\/03\/blatna_20150326-1645a.jpg?resize=350%2C200&ssl=1 1x, https:\/\/i0.wp.com\/tinnunculus.sy-sy.cz\/wp-content\/uploads\/2015\/03\/blatna_20150326-1645a.jpg?resize=525%2C300&ssl=1 1.5x"},"classes":[]},{"id":328,"url":"https:\/\/tinnunculus.sy-sy.cz\/index.php\/2016\/05\/14\/patek-trinacteho\/","url_meta":{"origin":169,"position":2},"title":"P\u00e1tek t\u0159in\u00e1ct\u00e9ho","author":"Zuzana Syrov\u00e1 An\u00fd\u017eov\u00e1","date":"14\/05\/2016","format":false,"excerpt":"Tak tu m\u00e1me m\u011bs\u00edc od snesen\u00ed prvn\u00edho leto\u0161n\u00edho vejce. Den prob\u011bhl bez v\u011bt\u0161\u00edch dramat. Same\u010dek kv\u016fli de\u0161tiv\u00e9mu po\u010das\u00ed tr\u00e1vil v\u00edce \u010dasu v lod\u017eii, tak\u017ee na n\u011bj sami\u010dka pon\u011bkud hudrovala, \u017ee by m\u011bl u\u017e kone\u010dn\u011b vyrazit pro n\u011bco men\u0161\u00edho. Pon\u011bkud dramati\u010dt\u011b\u0161\u00ed operace se odehr\u00e1vali v technick\u00e9m z\u00e1zem\u00ed. Poda\u0159ilo se n\u00e1m nicm\u00e9n\u011b\u2026","rel":"","context":"V \u201e\"Na\u0161e\" po\u0161tolky\u201c","block_context":{"text":"\"Na\u0161e\" po\u0161tolky","link":"https:\/\/tinnunculus.sy-sy.cz\/index.php\/category\/nasi\/nase-postolky\/"},"img":{"alt_text":"","src":"https:\/\/i0.wp.com\/tinnunculus.sy-sy.cz\/wp-content\/uploads\/2016\/05\/20160513_19-14-10-1024x819.jpg?resize=350%2C200&ssl=1","width":350,"height":200,"srcset":"https:\/\/i0.wp.com\/tinnunculus.sy-sy.cz\/wp-content\/uploads\/2016\/05\/20160513_19-14-10-1024x819.jpg?resize=350%2C200&ssl=1 1x, https:\/\/i0.wp.com\/tinnunculus.sy-sy.cz\/wp-content\/uploads\/2016\/05\/20160513_19-14-10-1024x819.jpg?resize=525%2C300&ssl=1 1.5x"},"classes":[]},{"id":65,"url":"https:\/\/tinnunculus.sy-sy.cz\/index.php\/2013\/05\/14\/odkazy-postolky-online-a-informace-o-postolkach\/","url_meta":{"origin":169,"position":3},"title":"Po\u0161tolky online a&nbsp;informace o&nbsp;po\u0161tolk\u00e1ch","author":"Zuzana Syrov\u00e1 An\u00fd\u017eov\u00e1","date":"14\/05\/2013","format":"link","excerpt":"Po\u0161tolky\u00a0 online: P\u0159ehledn\u00e1 tabulka Falco tinnunculus online Hn\u00edzda sledovan\u00e1 v sez\u00f3n\u011b 2017 Hn\u00edzda sledovan\u00e1 v sez\u00f3n\u011b 2016 Hn\u00edzda sledovan\u00e1 v sez\u00f3n\u011b 2015 Hn\u00edzda sledovan\u00e1 v sez\u00f3n\u011b 2014 Hn\u00edzda sledovan\u00e1 v sez\u00f3n\u011b 2013 Ostatn\u00ed, v roce 2013 po\u0161tolkami neobsazen\u00e1 neb ji\u017e nesledovan\u00e1 Informace o po\u0161tolk\u00e1ch na netu: Aktualizovan\u00fd p\u0159ehled najdete na\u2026","rel":"","context":"V \u201eFalco tinnunculus online\u201c","block_context":{"text":"Falco tinnunculus online","link":"https:\/\/tinnunculus.sy-sy.cz\/index.php\/category\/zivy-prenos\/odjinud\/falco-tinnunculus-online\/"},"img":{"alt_text":"","src":"","width":0,"height":0},"classes":[]},{"id":200,"url":"https:\/\/tinnunculus.sy-sy.cz\/index.php\/2015\/04\/13\/prvni-vejce\/","url_meta":{"origin":169,"position":4},"title":"Prvn\u00ed vejce","author":"Zuzana Syrov\u00e1 An\u00fd\u017eov\u00e1","date":"13\/04\/2015","format":false,"excerpt":"Jinde jich u\u017e d\u00e1vno maj\u00ed \u0161est (v Blatn\u00e9, v Budape\u0161ti nebo v Dettingen), jinde p\u011bt (v T\u0159eboni) a jinde se teprve vejce sn\u00e1\u0161\u00ed nebo se je\u0161t\u011b ani neza\u010dalo. U n\u00e1s se letos prvn\u00ed vejce objevilo v pond\u011bl\u00ed t\u0159in\u00e1ct\u00e9ho dubna. \u00a0 Sami\u010dka nedlouho po snesen\u00ed prvn\u00edho vejce (2015\/0413) \u00a0 Same\u010dek si\u2026","rel":"","context":"V \u201e\"Na\u0161e\" po\u0161tolky\u201c","block_context":{"text":"\"Na\u0161e\" po\u0161tolky","link":"https:\/\/tinnunculus.sy-sy.cz\/index.php\/category\/nasi\/nase-postolky\/"},"img":{"alt_text":"","src":"https:\/\/i0.wp.com\/tinnunculus.sy-sy.cz\/wp-content\/uploads\/2015\/04\/DSC_8886-1024x681.jpg?resize=350%2C200&ssl=1","width":350,"height":200,"srcset":"https:\/\/i0.wp.com\/tinnunculus.sy-sy.cz\/wp-content\/uploads\/2015\/04\/DSC_8886-1024x681.jpg?resize=350%2C200&ssl=1 1x, https:\/\/i0.wp.com\/tinnunculus.sy-sy.cz\/wp-content\/uploads\/2015\/04\/DSC_8886-1024x681.jpg?resize=525%2C300&ssl=1 1.5x"},"classes":[]},{"id":37740,"url":"https:\/\/tinnunculus.sy-sy.cz\/index.php\/2024\/09\/15\/ve-vetru-a-desti-aneb-necekana-navsteva\/","url_meta":{"origin":169,"position":5},"title":"Ve v\u011btru a&nbsp;de\u0161ti, aneb ne\u010dekan\u00e1 n\u00e1v\u0161t\u011bva","author":"Zuzana Syrov\u00e1 An\u00fd\u017eov\u00e1","date":"15\/09\/2024","format":false,"excerpt":"Aneb o tom, jak ve vytrval\u00e9m de\u0161ti v\u011btru nav\u0161t\u00edvila \"na\u0161i\" pan\u00ed po\u0161tolku cizinka a jak se nedo\u010dkala o\u010dek\u00e1van\u00e9ho poho\u0161t\u011bn\u00ed.","rel":"","context":"V \u201e\"Na\u0161e\" po\u0161tolky\u201c","block_context":{"text":"\"Na\u0161e\" po\u0161tolky","link":"https:\/\/tinnunculus.sy-sy.cz\/index.php\/category\/nasi\/nase-postolky\/"},"img":{"alt_text":"","src":"https:\/\/i0.wp.com\/tinnunculus.sy-sy.cz\/wp-content\/uploads\/2024\/09\/20240915-0715424268-e1726394593165.jpg?resize=350%2C200","width":350,"height":200,"srcset":"https:\/\/i0.wp.com\/tinnunculus.sy-sy.cz\/wp-content\/uploads\/2024\/09\/20240915-0715424268-e1726394593165.jpg?resize=350%2C200 1x, https:\/\/i0.wp.com\/tinnunculus.sy-sy.cz\/wp-content\/uploads\/2024\/09\/20240915-0715424268-e1726394593165.jpg?resize=525%2C300 1.5x, https:\/\/i0.wp.com\/tinnunculus.sy-sy.cz\/wp-content\/uploads\/2024\/09\/20240915-0715424268-e1726394593165.jpg?resize=700%2C400 2x"},"classes":[]}],"jetpack_sharing_enabled":true,"_links":{"self":[{"href":"https:\/\/tinnunculus.sy-sy.cz\/index.php\/wp-json\/wp\/v2\/posts\/169","targetHints":{"allow":["GET"]}}],"collection":[{"href":"https:\/\/tinnunculus.sy-sy.cz\/index.php\/wp-json\/wp\/v2\/posts"}],"about":[{"href":"https:\/\/tinnunculus.sy-sy.cz\/index.php\/wp-json\/wp\/v2\/types\/post"}],"author":[{"embeddable":true,"href":"https:\/\/tinnunculus.sy-sy.cz\/index.php\/wp-json\/wp\/v2\/users\/2"}],"replies":[{"embeddable":true,"href":"https:\/\/tinnunculus.sy-sy.cz\/index.php\/wp-json\/wp\/v2\/comments?post=169"}],"version-history":[{"count":3,"href":"https:\/\/tinnunculus.sy-sy.cz\/index.php\/wp-json\/wp\/v2\/posts\/169\/revisions"}],"predecessor-version":[{"id":44640,"href":"https:\/\/tinnunculus.sy-sy.cz\/index.php\/wp-json\/wp\/v2\/posts\/169\/revisions\/44640"}],"wp:attachment":[{"href":"https:\/\/tinnunculus.sy-sy.cz\/index.php\/wp-json\/wp\/v2\/media?parent=169"}],"wp:term":[{"taxonomy":"category","embeddable":true,"href":"https:\/\/tinnunculus.sy-sy.cz\/index.php\/wp-json\/wp\/v2\/categories?post=169"},{"taxonomy":"post_tag","embeddable":true,"href":"https:\/\/tinnunculus.sy-sy.cz\/index.php\/wp-json\/wp\/v2\/tags?post=169"}],"curies":[{"name":"wp","href":"https:\/\/api.w.org\/{rel}","templated":true}]}}