{"id":15429,"date":"2021-04-24T09:40:23","date_gmt":"2021-04-24T07:40:23","guid":{"rendered":"https:\/\/tinnunculus.sy-sy.cz\/?p=15429"},"modified":"2025-12-13T19:06:22","modified_gmt":"2025-12-13T18:06:22","slug":"z-niceho-nic-nam-zmizel-jezek","status":"publish","type":"post","link":"https:\/\/tinnunculus.sy-sy.cz\/index.php\/2021\/04\/24\/z-niceho-nic-nam-zmizel-jezek\/","title":{"rendered":"Z ni\u010deho nic n\u00e1m zmizel je\u017eek"},"content":{"rendered":"<p><img data-recalc-dims=\"1\" loading=\"lazy\" decoding=\"async\" data-attachment-id=\"15433\" data-permalink=\"https:\/\/tinnunculus.sy-sy.cz\/index.php\/2021\/04\/24\/z-niceho-nic-nam-zmizel-jezek\/alfeld-20210422\/\" data-orig-file=\"https:\/\/i0.wp.com\/tinnunculus.sy-sy.cz\/wp-content\/uploads\/2021\/04\/Alfeld-20210422-e1619119717630.jpg?fit=1038%2C606&amp;ssl=1\" data-orig-size=\"1038,606\" data-comments-opened=\"1\" data-image-meta=\"{&quot;aperture&quot;:&quot;0&quot;,&quot;credit&quot;:&quot;&quot;,&quot;camera&quot;:&quot;&quot;,&quot;caption&quot;:&quot;&quot;,&quot;created_timestamp&quot;:&quot;0&quot;,&quot;copyright&quot;:&quot;&quot;,&quot;focal_length&quot;:&quot;0&quot;,&quot;iso&quot;:&quot;0&quot;,&quot;shutter_speed&quot;:&quot;0&quot;,&quot;title&quot;:&quot;&quot;,&quot;orientation&quot;:&quot;1&quot;}\" data-image-title=\"Alfeld-20210422\" data-image-description=\"\" data-image-caption=\"\" data-large-file=\"https:\/\/i0.wp.com\/tinnunculus.sy-sy.cz\/wp-content\/uploads\/2021\/04\/Alfeld-20210422-e1619119717630.jpg?fit=525%2C307&amp;ssl=1\" class=\"aligncenter wp-image-15433 size-large\" src=\"https:\/\/i0.wp.com\/tinnunculus.sy-sy.cz\/wp-content\/uploads\/2021\/04\/Alfeld-20210422.jpg?resize=525%2C307&#038;ssl=1\" alt=\"\" width=\"525\" height=\"307\" \/><\/p>\n<blockquote><p>Z ni\u010deho nic n\u00e1m zmizel je\u017eek, \u010dert v\u00ed, kam on to mohl b\u011b\u017eet. To znamen\u00e1, \u017ee Ane\u017eka a&nbsp;j\u00e1 jsme tedy bez je\u017eka. \u00dat\u011bk byl z\u0159ejm\u011b bleskov\u00fd, j\u00e1 mu jich nand\u00e1m, je\u017ekovi! Zmiz\u00ed, a&nbsp;\u010dlov\u011bk zame\u0161k\u00e1 kdeco, a&nbsp;\u010dek\u00e1 na je\u017eka.<\/p><\/blockquote>\n<p><!--more--><\/p>\n<p>Na \u00favod tohoto p\u0159\u00edsp\u011bvku jsme si dovololili ocitovat jednu z&nbsp;p\u00edsni\u010dek bez muziky Emanuela Frynty. P\u0159ipomn\u011bla n\u00e1m ji ned\u00e1vn\u00e1 ud\u00e1lost v&nbsp;budce v&nbsp;kosteln\u00ed v\u011b\u017ei v&nbsp;n\u011bmeck\u00e9m Alfeldu (<a href=\"https:\/\/tinnunculus.sy-sy.cz\/index.php\/portfolio\/de-alfeld\/\" target=\"_blank\" rel=\"noopener\">info o&nbsp;p\u0159enosu<\/a>). Kdy\u017e jsme zv\u011bdav\u011b nahl\u00ed\u017eeli na str\u00e1nku s&nbsp;p\u0159\u00edm\u00fdm p\u0159enosem z&nbsp;budky, byla v&nbsp;n\u00ed m\u00edsto o\u010dek\u00e1van\u00e9ho zrzav\u00e9ho vejce bodlinat\u00e1 koule. Nezanesly ji tam po\u0161tolky, ale no\u010dn\u00ed n\u00e1v\u0161t\u011bvn\u00edk.<\/p>\n<p><img data-recalc-dims=\"1\" loading=\"lazy\" decoding=\"async\" data-attachment-id=\"15434\" data-permalink=\"https:\/\/tinnunculus.sy-sy.cz\/index.php\/2021\/04\/24\/z-niceho-nic-nam-zmizel-jezek\/alfeld_20210422-035310_orez\/\" data-orig-file=\"https:\/\/i0.wp.com\/tinnunculus.sy-sy.cz\/wp-content\/uploads\/2021\/04\/Alfeld_20210422-035310_orez-e1619119793644.jpg?fit=1038%2C642&amp;ssl=1\" data-orig-size=\"1038,642\" data-comments-opened=\"1\" data-image-meta=\"{&quot;aperture&quot;:&quot;0&quot;,&quot;credit&quot;:&quot;&quot;,&quot;camera&quot;:&quot;&quot;,&quot;caption&quot;:&quot;&quot;,&quot;created_timestamp&quot;:&quot;0&quot;,&quot;copyright&quot;:&quot;&quot;,&quot;focal_length&quot;:&quot;0&quot;,&quot;iso&quot;:&quot;0&quot;,&quot;shutter_speed&quot;:&quot;0&quot;,&quot;title&quot;:&quot;&quot;,&quot;orientation&quot;:&quot;1&quot;}\" data-image-title=\"Alfeld_20210422-035310_orez\" data-image-description=\"\" data-image-caption=\"\" data-large-file=\"https:\/\/i0.wp.com\/tinnunculus.sy-sy.cz\/wp-content\/uploads\/2021\/04\/Alfeld_20210422-035310_orez-e1619119793644.jpg?fit=525%2C325&amp;ssl=1\" class=\"aligncenter wp-image-15434 size-large\" src=\"https:\/\/i0.wp.com\/tinnunculus.sy-sy.cz\/wp-content\/uploads\/2021\/04\/Alfeld_20210422-035310_orez.jpg?resize=525%2C325&#038;ssl=1\" alt=\"\" width=\"525\" height=\"325\" \/><br \/>\n<img data-recalc-dims=\"1\" loading=\"lazy\" decoding=\"async\" data-attachment-id=\"15435\" data-permalink=\"https:\/\/tinnunculus.sy-sy.cz\/index.php\/2021\/04\/24\/z-niceho-nic-nam-zmizel-jezek\/alfeld_20210422-035411_orez\/\" data-orig-file=\"https:\/\/i0.wp.com\/tinnunculus.sy-sy.cz\/wp-content\/uploads\/2021\/04\/Alfeld_20210422-035411_orez-e1619119864874.jpg?fit=1038%2C608&amp;ssl=1\" data-orig-size=\"1038,608\" data-comments-opened=\"1\" data-image-meta=\"{&quot;aperture&quot;:&quot;0&quot;,&quot;credit&quot;:&quot;&quot;,&quot;camera&quot;:&quot;&quot;,&quot;caption&quot;:&quot;&quot;,&quot;created_timestamp&quot;:&quot;0&quot;,&quot;copyright&quot;:&quot;&quot;,&quot;focal_length&quot;:&quot;0&quot;,&quot;iso&quot;:&quot;0&quot;,&quot;shutter_speed&quot;:&quot;0&quot;,&quot;title&quot;:&quot;&quot;,&quot;orientation&quot;:&quot;1&quot;}\" data-image-title=\"Alfeld_20210422-035411_orez\" data-image-description=\"\" data-image-caption=\"\" data-large-file=\"https:\/\/i0.wp.com\/tinnunculus.sy-sy.cz\/wp-content\/uploads\/2021\/04\/Alfeld_20210422-035411_orez-e1619119864874.jpg?fit=525%2C308&amp;ssl=1\" class=\"aligncenter wp-image-15435 size-large\" src=\"https:\/\/i0.wp.com\/tinnunculus.sy-sy.cz\/wp-content\/uploads\/2021\/04\/Alfeld_20210422-035411_orez.jpg?resize=525%2C308&#038;ssl=1\" alt=\"\" width=\"525\" height=\"308\" \/><\/p>\n<p>Z pohledu vn\u011bj\u0161\u00ed kamery se ud\u00e1lost jevila takto:<\/p>\n<p><iframe loading=\"lazy\" title=\"YouTube video player\" src=\"https:\/\/www.youtube.com\/embed\/lwP4Cw1jkAo\" width=\"555\" height=\"312\" frameborder=\"0\" allowfullscreen=\"allowfullscreen\"><span style=\"display: inline-block; width: 0px; overflow: hidden; line-height: 0;\" data-mce-type=\"bookmark\" class=\"mce_SELRES_start\">\ufeff<\/span><\/iframe><\/p>\n<p>Nezkonzumovateln\u00e9ho bodlin\u00e1\u010de u\u017e v&nbsp;budce neuvid\u00edte.\u00a0 O&nbsp;poledn\u00e1ch n\u00e1sleduj\u00edc\u00edho dne se objevil <em>deus ex machina<\/em> a&nbsp;odnesl ho&#8230;<\/p>\n<p><img data-recalc-dims=\"1\" loading=\"lazy\" decoding=\"async\" data-attachment-id=\"15432\" data-permalink=\"https:\/\/tinnunculus.sy-sy.cz\/index.php\/2021\/04\/24\/z-niceho-nic-nam-zmizel-jezek\/alfeld_20210422-112549_orez\/\" data-orig-file=\"https:\/\/i0.wp.com\/tinnunculus.sy-sy.cz\/wp-content\/uploads\/2021\/04\/Alfeld_20210422-112549_orez-e1619119552889.jpg?fit=1038%2C619&amp;ssl=1\" data-orig-size=\"1038,619\" data-comments-opened=\"1\" data-image-meta=\"{&quot;aperture&quot;:&quot;0&quot;,&quot;credit&quot;:&quot;&quot;,&quot;camera&quot;:&quot;&quot;,&quot;caption&quot;:&quot;&quot;,&quot;created_timestamp&quot;:&quot;0&quot;,&quot;copyright&quot;:&quot;&quot;,&quot;focal_length&quot;:&quot;0&quot;,&quot;iso&quot;:&quot;0&quot;,&quot;shutter_speed&quot;:&quot;0&quot;,&quot;title&quot;:&quot;&quot;,&quot;orientation&quot;:&quot;1&quot;}\" data-image-title=\"Alfeld_20210422-112549_orez\" data-image-description=\"\" data-image-caption=\"\" data-large-file=\"https:\/\/i0.wp.com\/tinnunculus.sy-sy.cz\/wp-content\/uploads\/2021\/04\/Alfeld_20210422-112549_orez-e1619119552889.jpg?fit=525%2C313&amp;ssl=1\" class=\"aligncenter wp-image-15432 size-large\" src=\"https:\/\/i0.wp.com\/tinnunculus.sy-sy.cz\/wp-content\/uploads\/2021\/04\/Alfeld_20210422-112549_orez.jpg?resize=525%2C313&#038;ssl=1\" alt=\"\" width=\"525\" height=\"313\" \/><\/p>\n","protected":false},"excerpt":{"rendered":"<p>Aneb o&nbsp;tom, co v\u0161echno lze naj\u00edt v&nbsp;po\u0161tol\u0161\u00ed budce a&nbsp;o&nbsp;jedn\u00e9 p\u0159\u00edho, kter\u00e1 se &#8222;o\u010d\u00edm znalce, m\u016f\u017ee zd\u00e1t vycucan\u00e1 z&nbsp;palce&#8220;.<\/p>\n","protected":false},"author":2,"featured_media":0,"comment_status":"open","ping_status":"open","sticky":false,"template":"","format":"quote","meta":{"jetpack_post_was_ever_published":false,"_jetpack_newsletter_access":"","_jetpack_dont_email_post_to_subs":false,"_jetpack_newsletter_tier_id":0,"_jetpack_memberships_contains_paywalled_content":false,"_jetpack_memberships_contains_paid_content":false,"footnotes":""},"categories":[142,218,946,812,150,220,105,110,225,307,135,114,108],"tags":[313,948,810,57,30,91,27],"class_list":["post-15429","post","type-post","status-publish","format-quote","hentry","category-dravec","category-falco-tinnunculus-online","category-jezek","category-kalous-usaty","category-odjinud","category-ostatni-online","category-postolka","category-postolka-obecna","category-ptaci-v-literature-filmu-a-vytvarnem-umeni","category-ptaci","category-sova","category-zivy-prenos","category-ostatni-zvirena","tag-frynta-emanuel","tag-jezek","tag-kalous","tag-ps_42","tag-ps_55","tag-ps_95","tag-ps_13","post_format-post-format-quote"],"jetpack_featured_media_url":"","jetpack_shortlink":"https:\/\/wp.me\/p91gKE-40R","jetpack-related-posts":[{"id":8006,"url":"https:\/\/tinnunculus.sy-sy.cz\/index.php\/2019\/05\/24\/ptaci-rodinky\/","url_meta":{"origin":15429,"position":0},"title":"Pta\u010d\u00ed rodinky","author":"Zuzana Syrov\u00e1 An\u00fd\u017eov\u00e1","date":"24\/05\/2019","format":false,"excerpt":"Aneb upozorn\u011bn\u00ed na jeden vzd\u011bl\u00e1vac\u00ed dokument (nejen) pro d\u011bti.","rel":"","context":"V \u201e\u010c\u00e1p\u201c","block_context":{"text":"\u010c\u00e1p","link":"https:\/\/tinnunculus.sy-sy.cz\/index.php\/category\/ostatni-zvirena\/ptaci\/cap\/"},"img":{"alt_text":"","src":"https:\/\/i0.wp.com\/tinnunculus.sy-sy.cz\/wp-content\/uploads\/2019\/05\/PtaciRodinky_BW-1024x596.jpg?resize=350%2C200&ssl=1","width":350,"height":200,"srcset":"https:\/\/i0.wp.com\/tinnunculus.sy-sy.cz\/wp-content\/uploads\/2019\/05\/PtaciRodinky_BW-1024x596.jpg?resize=350%2C200&ssl=1 1x, https:\/\/i0.wp.com\/tinnunculus.sy-sy.cz\/wp-content\/uploads\/2019\/05\/PtaciRodinky_BW-1024x596.jpg?resize=525%2C300&ssl=1 1.5x"},"classes":[]},{"id":41383,"url":"https:\/\/tinnunculus.sy-sy.cz\/index.php\/2025\/04\/18\/tento-ctvrtek\/","url_meta":{"origin":15429,"position":1},"title":"Tento \u010dtvrtek","author":"Zuzana Syrov\u00e1 An\u00fd\u017eov\u00e1","date":"18\/04\/2025","format":"quote","excerpt":"Aneb o tom, kdo byl ten my\u0161 s \u010dern\u00fdm sametov\u00fdm ko\u017e\u00ed\u0161kem, kter\u00e9ho pan po\u0161tolka p\u0159inesl ve \u010dtvrtek pan\u00ed po\u0161tolce po ob\u011bd\u011b jako z\u00e1kusek...","rel":"","context":"V \u201e\"Na\u0161e\" po\u0161tolky\u201c","block_context":{"text":"\"Na\u0161e\" po\u0161tolky","link":"https:\/\/tinnunculus.sy-sy.cz\/index.php\/category\/nasi\/nase-postolky\/"},"img":{"alt_text":"","src":"https:\/\/i0.wp.com\/tinnunculus.sy-sy.cz\/wp-content\/uploads\/2025\/04\/20250417-1756109216-Cam-24-Type-0-1-e1744955043280.jpg?resize=350%2C200&ssl=1","width":350,"height":200,"srcset":"https:\/\/i0.wp.com\/tinnunculus.sy-sy.cz\/wp-content\/uploads\/2025\/04\/20250417-1756109216-Cam-24-Type-0-1-e1744955043280.jpg?resize=350%2C200&ssl=1 1x, https:\/\/i0.wp.com\/tinnunculus.sy-sy.cz\/wp-content\/uploads\/2025\/04\/20250417-1756109216-Cam-24-Type-0-1-e1744955043280.jpg?resize=525%2C300&ssl=1 1.5x, https:\/\/i0.wp.com\/tinnunculus.sy-sy.cz\/wp-content\/uploads\/2025\/04\/20250417-1756109216-Cam-24-Type-0-1-e1744955043280.jpg?resize=700%2C400&ssl=1 2x"},"classes":[]},{"id":385,"url":"https:\/\/tinnunculus.sy-sy.cz\/index.php\/2017\/03\/24\/sidla-bezpecna-pro-ptaky\/","url_meta":{"origin":15429,"position":2},"title":"S\u00eddla bezpe\u010dn\u00e1 pro pt\u00e1ky","author":"Zuzana Syrov\u00e1 An\u00fd\u017eov\u00e1","date":"24\/03\/2017","format":"quote","excerpt":"\u010cesk\u00e1 spole\u010dnost ornitologick\u00e1 m\u00e1 nov\u00fd projekt \"S\u00eddla bezpe\u010dn\u00e1 pro pt\u00e1ky\". Podrobn\u011bji se s n\u00edm m\u016f\u017eete sezn\u00e1mit v \u010dl\u00e1nku Pro\u010d pt\u00e1ci \u017eij\u00ed s n\u00e1mi a co z toho maj\u00ed? na str\u00e1nk\u00e1ch \u010cSO. Sou\u010d\u00e1st\u00ed projektu je dotazn\u00edk, jeho\u017e vypln\u011bn\u00edm m\u016f\u017eete napomoci \u010cSO z\u00edskat informace o tom, jak\u00e9 pov\u011bdom\u00ed maj\u00ed lid\u00e9 o nebezpe\u010d\u00edch,\u2026","rel":"","context":"V \u201eN\u00e1jemn\u00edci a n\u00e1v\u0161t\u011bvn\u00edci\u201c","block_context":{"text":"N\u00e1jemn\u00edci a n\u00e1v\u0161t\u011bvn\u00edci","link":"https:\/\/tinnunculus.sy-sy.cz\/index.php\/category\/nasi\/"},"img":{"alt_text":"","src":"https:\/\/i0.wp.com\/tinnunculus.sy-sy.cz\/wp-content\/uploads\/2017\/03\/P1290790a-1024x485.jpg?resize=350%2C200&ssl=1","width":350,"height":200,"srcset":"https:\/\/i0.wp.com\/tinnunculus.sy-sy.cz\/wp-content\/uploads\/2017\/03\/P1290790a-1024x485.jpg?resize=350%2C200&ssl=1 1x, https:\/\/i0.wp.com\/tinnunculus.sy-sy.cz\/wp-content\/uploads\/2017\/03\/P1290790a-1024x485.jpg?resize=525%2C300&ssl=1 1.5x"},"classes":[]},{"id":38906,"url":"https:\/\/tinnunculus.sy-sy.cz\/index.php\/2025\/01\/07\/myska-vilma-zvana-velma\/","url_meta":{"origin":15429,"position":3},"title":"My\u0161ka Vilma, zvan\u00e1 Velma","author":"Zuzana Syrov\u00e1 An\u00fd\u017eov\u00e1","date":"07\/01\/2025","format":"quote","excerpt":"Aneb o tom, jak na uvoln\u011bn\u00e9 m\u00edsto po\u0161tol\u010d\u00edho maskota nastoupila nov\u00e1 mal\u00e1 a, jak se na spr\u00e1vnou my\u0161 dom\u00e1c\u00ed slu\u0161\u00ed, \u0161ediv\u00e1 my\u0161ka.","rel":"","context":"V \u201eMy\u0161\u201c","block_context":{"text":"My\u0161","link":"https:\/\/tinnunculus.sy-sy.cz\/index.php\/category\/ostatni-zvirena\/savec\/mys-cs\/"},"img":{"alt_text":"","src":"https:\/\/i0.wp.com\/tinnunculus.sy-sy.cz\/wp-content\/uploads\/2025\/01\/IMG_20250107_152934418-e1736268955941.jpg?resize=350%2C200&ssl=1","width":350,"height":200,"srcset":"https:\/\/i0.wp.com\/tinnunculus.sy-sy.cz\/wp-content\/uploads\/2025\/01\/IMG_20250107_152934418-e1736268955941.jpg?resize=350%2C200&ssl=1 1x, https:\/\/i0.wp.com\/tinnunculus.sy-sy.cz\/wp-content\/uploads\/2025\/01\/IMG_20250107_152934418-e1736268955941.jpg?resize=525%2C300&ssl=1 1.5x, https:\/\/i0.wp.com\/tinnunculus.sy-sy.cz\/wp-content\/uploads\/2025\/01\/IMG_20250107_152934418-e1736268955941.jpg?resize=700%2C400&ssl=1 2x"},"classes":[]},{"id":33439,"url":"https:\/\/tinnunculus.sy-sy.cz\/index.php\/2024\/03\/17\/z-cizich-luhu-a-haju\/","url_meta":{"origin":15429,"position":4},"title":"Z ciz\u00edch luh\u016f a&nbsp;h\u00e1j\u016f","author":"Zuzana Syrov\u00e1 An\u00fd\u017eov\u00e1","date":"17\/03\/2024","format":false,"excerpt":"Aneb o tom, co se d\u00e1 pozorovat na \u017eiv\u00fdch p\u0159enosech a videoz\u00e1znamech z leto\u0161n\u00ed sez\u00f3ny odjinud.","rel":"","context":"V \u201eDravec\u201c","block_context":{"text":"Dravec","link":"https:\/\/tinnunculus.sy-sy.cz\/index.php\/category\/ostatni-zvirena\/ptaci\/dravec\/"},"img":{"alt_text":"","src":"https:\/\/i0.wp.com\/tinnunculus.sy-sy.cz\/wp-content\/uploads\/2024\/03\/Parcoul_20240308-e1710667044880.jpg?resize=350%2C200&ssl=1","width":350,"height":200,"srcset":"https:\/\/i0.wp.com\/tinnunculus.sy-sy.cz\/wp-content\/uploads\/2024\/03\/Parcoul_20240308-e1710667044880.jpg?resize=350%2C200&ssl=1 1x, https:\/\/i0.wp.com\/tinnunculus.sy-sy.cz\/wp-content\/uploads\/2024\/03\/Parcoul_20240308-e1710667044880.jpg?resize=525%2C300&ssl=1 1.5x, https:\/\/i0.wp.com\/tinnunculus.sy-sy.cz\/wp-content\/uploads\/2024\/03\/Parcoul_20240308-e1710667044880.jpg?resize=700%2C400&ssl=1 2x"},"classes":[]},{"id":12330,"url":"https:\/\/tinnunculus.sy-sy.cz\/index.php\/2020\/04\/29\/kalousi-a-postolky\/","url_meta":{"origin":15429,"position":5},"title":"Kalousi a&nbsp;po\u0161tolky","author":"Zuzana Syrov\u00e1 An\u00fd\u017eov\u00e1","date":"29\/04\/2020","format":false,"excerpt":"Aneb o mo\u017enostech online sledovat hn\u00edzd\u011bn\u00ed kalous\u016f a jejich sou\u017eit\u00ed s po\u0161tolkami na B\u0159eclavsku.","rel":"","context":"V \u201eDravec\u201c","block_context":{"text":"Dravec","link":"https:\/\/tinnunculus.sy-sy.cz\/index.php\/category\/ostatni-zvirena\/ptaci\/dravec\/"},"img":{"alt_text":"","src":"https:\/\/i0.wp.com\/tinnunculus.sy-sy.cz\/wp-content\/uploads\/2020\/04\/Breclav_20200424-1024x572.jpg?resize=350%2C200&ssl=1","width":350,"height":200,"srcset":"https:\/\/i0.wp.com\/tinnunculus.sy-sy.cz\/wp-content\/uploads\/2020\/04\/Breclav_20200424-1024x572.jpg?resize=350%2C200&ssl=1 1x, https:\/\/i0.wp.com\/tinnunculus.sy-sy.cz\/wp-content\/uploads\/2020\/04\/Breclav_20200424-1024x572.jpg?resize=525%2C300&ssl=1 1.5x"},"classes":[]}],"jetpack_sharing_enabled":true,"_links":{"self":[{"href":"https:\/\/tinnunculus.sy-sy.cz\/index.php\/wp-json\/wp\/v2\/posts\/15429","targetHints":{"allow":["GET"]}}],"collection":[{"href":"https:\/\/tinnunculus.sy-sy.cz\/index.php\/wp-json\/wp\/v2\/posts"}],"about":[{"href":"https:\/\/tinnunculus.sy-sy.cz\/index.php\/wp-json\/wp\/v2\/types\/post"}],"author":[{"embeddable":true,"href":"https:\/\/tinnunculus.sy-sy.cz\/index.php\/wp-json\/wp\/v2\/users\/2"}],"replies":[{"embeddable":true,"href":"https:\/\/tinnunculus.sy-sy.cz\/index.php\/wp-json\/wp\/v2\/comments?post=15429"}],"version-history":[{"count":1,"href":"https:\/\/tinnunculus.sy-sy.cz\/index.php\/wp-json\/wp\/v2\/posts\/15429\/revisions"}],"predecessor-version":[{"id":41597,"href":"https:\/\/tinnunculus.sy-sy.cz\/index.php\/wp-json\/wp\/v2\/posts\/15429\/revisions\/41597"}],"wp:attachment":[{"href":"https:\/\/tinnunculus.sy-sy.cz\/index.php\/wp-json\/wp\/v2\/media?parent=15429"}],"wp:term":[{"taxonomy":"category","embeddable":true,"href":"https:\/\/tinnunculus.sy-sy.cz\/index.php\/wp-json\/wp\/v2\/categories?post=15429"},{"taxonomy":"post_tag","embeddable":true,"href":"https:\/\/tinnunculus.sy-sy.cz\/index.php\/wp-json\/wp\/v2\/tags?post=15429"}],"curies":[{"name":"wp","href":"https:\/\/api.w.org\/{rel}","templated":true}]}}