{"id":14930,"date":"2021-03-20T23:29:03","date_gmt":"2021-03-20T22:29:03","guid":{"rendered":"https:\/\/tinnunculus.sy-sy.cz\/?p=14930"},"modified":"2026-03-21T08:17:39","modified_gmt":"2026-03-21T07:17:39","slug":"jarni-rovnodennost","status":"publish","type":"post","link":"https:\/\/tinnunculus.sy-sy.cz\/index.php\/2021\/03\/20\/jarni-rovnodennost\/","title":{"rendered":"Jarn\u00ed rovnodennost"},"content":{"rendered":"<p><img data-recalc-dims=\"1\" loading=\"lazy\" decoding=\"async\" data-attachment-id=\"14929\" data-permalink=\"https:\/\/tinnunculus.sy-sy.cz\/index.php\/2021\/03\/20\/jarni-rovnodennost\/20210320-0539538652\/\" data-orig-file=\"https:\/\/i0.wp.com\/tinnunculus.sy-sy.cz\/wp-content\/uploads\/2021\/03\/20210320-0539538652-e1616276470438.jpg?fit=1038%2C584&amp;ssl=1\" data-orig-size=\"1038,584\" data-comments-opened=\"1\" data-image-meta=\"{&quot;aperture&quot;:&quot;0&quot;,&quot;credit&quot;:&quot;&quot;,&quot;camera&quot;:&quot;&quot;,&quot;caption&quot;:&quot;&quot;,&quot;created_timestamp&quot;:&quot;0&quot;,&quot;copyright&quot;:&quot;&quot;,&quot;focal_length&quot;:&quot;0&quot;,&quot;iso&quot;:&quot;0&quot;,&quot;shutter_speed&quot;:&quot;0&quot;,&quot;title&quot;:&quot;&quot;,&quot;orientation&quot;:&quot;0&quot;}\" data-image-title=\"20210320-0539538652\" data-image-description=\"\" data-image-caption=\"\" data-large-file=\"https:\/\/i0.wp.com\/tinnunculus.sy-sy.cz\/wp-content\/uploads\/2021\/03\/20210320-0539538652-e1616276470438.jpg?fit=525%2C295&amp;ssl=1\" class=\"aligncenter wp-image-14929 size-large\" src=\"https:\/\/i0.wp.com\/tinnunculus.sy-sy.cz\/wp-content\/uploads\/2021\/03\/20210320-0539538652.jpg?resize=525%2C295&#038;ssl=1\" alt=\"\" width=\"525\" height=\"295\" \/><\/p>\n<p>Dnes v&nbsp;10:37 za\u010dalo astronomick\u00e9 jaro.\u00a0 R\u00e1no to u&nbsp;n\u00e1s ale zrovna jarn\u011b nevypadalo. Z\u00e1bradl\u00ed a&nbsp;dokonce i&nbsp;bid\u00fdlko bylo zasn\u011b\u017een\u00e9.<!--more--><\/p>\n<p><a href=\"https:\/\/i0.wp.com\/tinnunculus.sy-sy.cz\/wp-content\/uploads\/2021\/03\/20210320-0604412564-e1616276931755.jpg?ssl=1\"><img data-recalc-dims=\"1\" loading=\"lazy\" decoding=\"async\" data-attachment-id=\"14928\" data-permalink=\"https:\/\/tinnunculus.sy-sy.cz\/index.php\/2021\/03\/20\/jarni-rovnodennost\/20210320-0604412564\/\" data-orig-file=\"https:\/\/i0.wp.com\/tinnunculus.sy-sy.cz\/wp-content\/uploads\/2021\/03\/20210320-0604412564-e1616276931755.jpg?fit=584%2C1038&amp;ssl=1\" data-orig-size=\"584,1038\" data-comments-opened=\"1\" data-image-meta=\"{&quot;aperture&quot;:&quot;0&quot;,&quot;credit&quot;:&quot;&quot;,&quot;camera&quot;:&quot;&quot;,&quot;caption&quot;:&quot;&quot;,&quot;created_timestamp&quot;:&quot;0&quot;,&quot;copyright&quot;:&quot;&quot;,&quot;focal_length&quot;:&quot;0&quot;,&quot;iso&quot;:&quot;0&quot;,&quot;shutter_speed&quot;:&quot;0&quot;,&quot;title&quot;:&quot;&quot;,&quot;orientation&quot;:&quot;0&quot;}\" data-image-title=\"20210320-0604412564\" data-image-description=\"\" data-image-caption=\"\" data-large-file=\"https:\/\/i0.wp.com\/tinnunculus.sy-sy.cz\/wp-content\/uploads\/2021\/03\/20210320-0604412564-e1616276931755.jpg?fit=525%2C933&amp;ssl=1\" class=\"aligncenter wp-image-14928 size-medium\" src=\"https:\/\/i0.wp.com\/tinnunculus.sy-sy.cz\/wp-content\/uploads\/2021\/03\/20210320-0604412564-e1616276931755-169x300.jpg?resize=169%2C300&#038;ssl=1\" alt=\"\" width=\"169\" height=\"300\" srcset=\"https:\/\/i0.wp.com\/tinnunculus.sy-sy.cz\/wp-content\/uploads\/2021\/03\/20210320-0604412564-e1616276931755.jpg?resize=169%2C300&amp;ssl=1 169w, https:\/\/i0.wp.com\/tinnunculus.sy-sy.cz\/wp-content\/uploads\/2021\/03\/20210320-0604412564-e1616276931755.jpg?resize=576%2C1024&amp;ssl=1 576w, https:\/\/i0.wp.com\/tinnunculus.sy-sy.cz\/wp-content\/uploads\/2021\/03\/20210320-0604412564-e1616276931755.jpg?w=584&amp;ssl=1 584w\" sizes=\"auto, (max-width: 169px) 100vw, 169px\" \/><\/a><\/p>\n<p>Ale jinak bylo v\u0161e takov\u00e9, jak m\u00e1 na ja\u0159e b\u00fdt:<\/p>\n<div style=\"width: 525px;\" class=\"wp-video\"><video class=\"wp-video-shortcode\" id=\"video-14930-1\" width=\"525\" height=\"295\" preload=\"metadata\" controls=\"controls\"><source type=\"video\/mp4\" src=\"https:\/\/tinnunculus.sy-sy.cz\/wp-content\/uploads\/2021\/03\/20210320-090624.mp4?_=1\" \/><a href=\"https:\/\/tinnunculus.sy-sy.cz\/wp-content\/uploads\/2021\/03\/20210320-090624.mp4\">https:\/\/tinnunculus.sy-sy.cz\/wp-content\/uploads\/2021\/03\/20210320-090624.mp4<\/a><\/video><\/div>\n<div style=\"width: 525px;\" class=\"wp-video\"><video class=\"wp-video-shortcode\" id=\"video-14930-2\" width=\"525\" height=\"295\" preload=\"metadata\" controls=\"controls\"><source type=\"video\/mp4\" src=\"https:\/\/tinnunculus.sy-sy.cz\/wp-content\/uploads\/2021\/03\/20210320-090625.mp4?_=2\" \/><a href=\"https:\/\/tinnunculus.sy-sy.cz\/wp-content\/uploads\/2021\/03\/20210320-090625.mp4\">https:\/\/tinnunculus.sy-sy.cz\/wp-content\/uploads\/2021\/03\/20210320-090625.mp4<\/a><\/video><\/div>\n<div style=\"width: 525px;\" class=\"wp-video\"><video class=\"wp-video-shortcode\" id=\"video-14930-3\" width=\"525\" height=\"295\" preload=\"metadata\" controls=\"controls\"><source type=\"video\/mp4\" src=\"https:\/\/tinnunculus.sy-sy.cz\/wp-content\/uploads\/2021\/03\/20210320-073434.mp4?_=3\" \/><a href=\"https:\/\/tinnunculus.sy-sy.cz\/wp-content\/uploads\/2021\/03\/20210320-073434.mp4\">https:\/\/tinnunculus.sy-sy.cz\/wp-content\/uploads\/2021\/03\/20210320-073434.mp4<\/a><\/video><\/div>\n","protected":false},"excerpt":{"rendered":"<p>Aneb o&nbsp;tom, jak v&nbsp;na\u0161\u00ed lod\u017eii napadl sn\u00edh a&nbsp;za\u010dalo jaro.<\/p>\n","protected":false},"author":2,"featured_media":0,"comment_status":"open","ping_status":"open","sticky":false,"template":"","format":"standard","meta":{"jetpack_post_was_ever_published":false,"_jetpack_newsletter_access":"","_jetpack_dont_email_post_to_subs":false,"_jetpack_newsletter_tier_id":0,"_jetpack_memberships_contains_paywalled_content":false,"_jetpack_memberships_contains_paid_content":false,"footnotes":""},"categories":[147,142,116,105,110,1596,307,108],"tags":[907,266,90,91],"class_list":["post-14930","post","type-post","status-publish","format-standard","hentry","category-nase-postolky","category-dravec","category-nasi","category-postolka","category-postolka-obecna","category-postolky-z-nasi-lodzie","category-ptaci","category-ostatni-zvirena","tag-907","tag-jaro","tag-ps_96","tag-ps_95"],"jetpack_featured_media_url":"","jetpack_shortlink":"https:\/\/wp.me\/p91gKE-3SO","jetpack-related-posts":[{"id":130,"url":"https:\/\/tinnunculus.sy-sy.cz\/index.php\/2014\/08\/01\/hadej-kdo-prisel-k-veceri\/","url_meta":{"origin":14930,"position":0},"title":"H\u00e1dej, kdo p\u0159i\u0161el k&nbsp;ve\u010de\u0159i&#8230;","author":"Zuzana Syrov\u00e1 An\u00fd\u017eov\u00e1","date":"01\/08\/2014","format":false,"excerpt":"Hlavu to m\u00e1 jako same\u010dek, k\u0159\u00eddla a z\u00e1da taky, ale oc\u00e1sek to m\u00e1 jako sami\u010dka. Potlouk\u00e1 se to po ciz\u00edch hn\u00edzdech a hled\u00e1 my\u0161e po skr\u00fd\u0161\u00edch. Co to je? Po\u0161tol\u010data si obvykle mysl\u00ed, \u017ee by to mohl b\u00fdt tat\u00ednek a hul\u00e1kaj\u00ed na to vytrvale, \u017ee by si dala n\u011bco k\u2026","rel":"","context":"V \u201e\"Na\u0161e\" po\u0161tolky\u201c","block_context":{"text":"\"Na\u0161e\" po\u0161tolky","link":"https:\/\/tinnunculus.sy-sy.cz\/index.php\/category\/nasi\/nase-postolky\/"},"img":{"alt_text":"","src":"https:\/\/i0.wp.com\/tinnunculus.sy-sy.cz\/wp-content\/uploads\/2014\/08\/P1080867-e1698600824648-1024x575.jpg?resize=350%2C200&ssl=1","width":350,"height":200,"srcset":"https:\/\/i0.wp.com\/tinnunculus.sy-sy.cz\/wp-content\/uploads\/2014\/08\/P1080867-e1698600824648-1024x575.jpg?resize=350%2C200&ssl=1 1x, https:\/\/i0.wp.com\/tinnunculus.sy-sy.cz\/wp-content\/uploads\/2014\/08\/P1080867-e1698600824648-1024x575.jpg?resize=525%2C300&ssl=1 1.5x"},"classes":[]},{"id":189,"url":"https:\/\/tinnunculus.sy-sy.cz\/index.php\/2015\/04\/04\/o-rorysech\/","url_meta":{"origin":14930,"position":1},"title":"O ror\u00fdsech","author":"Zuzana Syrov\u00e1 An\u00fd\u017eov\u00e1","date":"04\/04\/2015","format":false,"excerpt":"M\u016f\u017eeme je o\u010dek\u00e1vat do t\u0159\u00ed t\u00fddn\u016f. Ze sv\u00fdch zimovi\u0161\u0165 se vr\u00e1t\u00ed jedni z nejpodivuhodn\u011bj\u0161\u00ed pt\u00e1k\u016f u n\u00e1s \u017eij\u00edc\u00edch. I kdy\u017e si je leckdo m\u016f\u017ee pl\u00e9st s vla\u0161tovkou, n\u00e1le\u017e\u00ed do \u0159\u00e1du svi\u0161\u0165oun\u016f a jsou p\u0159\u00edbuzn\u00ed\u00a0 americk\u00fdm kolib\u0159\u00edk\u016fm. Ror\u00fds obecn\u00fd (apus apus) je dokonale p\u0159izp\u016fsoben \u017eivotu ve vzduchu a za letu i\u2026","rel":"","context":"V \u201e\"Na\u0161i\" ror\u00fdsi\u201c","block_context":{"text":"\"Na\u0161i\" ror\u00fdsi","link":"https:\/\/tinnunculus.sy-sy.cz\/index.php\/category\/nasi\/nasi-rorysi\/"},"img":{"alt_text":"","src":"https:\/\/i0.wp.com\/tinnunculus.sy-sy.cz\/wp-content\/uploads\/2015\/04\/Apus_apus_flock_flying_1.jpg?resize=350%2C200&ssl=1","width":350,"height":200,"srcset":"https:\/\/i0.wp.com\/tinnunculus.sy-sy.cz\/wp-content\/uploads\/2015\/04\/Apus_apus_flock_flying_1.jpg?resize=350%2C200&ssl=1 1x, https:\/\/i0.wp.com\/tinnunculus.sy-sy.cz\/wp-content\/uploads\/2015\/04\/Apus_apus_flock_flying_1.jpg?resize=525%2C300&ssl=1 1.5x"},"classes":[]},{"id":33528,"url":"https:\/\/tinnunculus.sy-sy.cz\/index.php\/2024\/03\/20\/jarni-den\/","url_meta":{"origin":14930,"position":2},"title":"Jarn\u00ed den","author":"Zuzana Syrov\u00e1 An\u00fd\u017eov\u00e1","date":"20\/03\/2024","format":false,"excerpt":"Aneb o tom, jak na\u0161e po\u0161tolky str\u00e1vili prvn\u00ed den astronomick\u00e9ho jara a jak je p\u0159itom ru\u0161il jist\u00fd po\u0161tol\u010d\u00ed pobuda.","rel":"","context":"V \u201e\"Na\u0161e\" po\u0161tolky\u201c","block_context":{"text":"\"Na\u0161e\" po\u0161tolky","link":"https:\/\/tinnunculus.sy-sy.cz\/index.php\/category\/nasi\/nase-postolky\/"},"img":{"alt_text":"","src":"https:\/\/i0.wp.com\/tinnunculus.sy-sy.cz\/wp-content\/uploads\/2024\/03\/20240320-0918163567-1-e1710973146611.jpg?resize=350%2C200&ssl=1","width":350,"height":200,"srcset":"https:\/\/i0.wp.com\/tinnunculus.sy-sy.cz\/wp-content\/uploads\/2024\/03\/20240320-0918163567-1-e1710973146611.jpg?resize=350%2C200&ssl=1 1x, https:\/\/i0.wp.com\/tinnunculus.sy-sy.cz\/wp-content\/uploads\/2024\/03\/20240320-0918163567-1-e1710973146611.jpg?resize=525%2C300&ssl=1 1.5x"},"classes":[]},{"id":99,"url":"https:\/\/tinnunculus.sy-sy.cz\/index.php\/2014\/04\/24\/ptak-roku\/","url_meta":{"origin":14930,"position":3},"title":"Pt\u00e1k roku","author":"Zuzana Syrov\u00e1 An\u00fd\u017eov\u00e1","date":"24\/04\/2014","format":"link","excerpt":"Po\u0161tolka obecn\u00e1 byla pt\u00e1kem roku ji\u017e v n\u011bkolika evropsk\u00fdch zem\u00edch: 1992 Ma\u010farsko 2001 Slovensko: http:\/\/www.seps.sk\/zp\/mvszopk\/ii\/2001\/062001\/11.htm 2002 \u010cR: http:\/\/www.birdlife.cz\/wpimages\/video\/ptak_roku_2002.pdf\u00a0 \u00a0http:\/\/www.oldcso.birdlife.cz\/www.cso.cz\/wpimages\/video\/ptak_roku_2002.pdf 2002 Rusko 2006 Loty\u0161sko 2007 Rakousko: https:\/\/www.birdlife.at\/unsere-arbeit\/vogel-des-jahres\/2007-turmfalke.html \/\/ https:\/\/www.birdlife.at\/voegel\/turmfalke\/ 2007 N\u011bmecko: http:\/\/www.nabu.de\/aktionenundprojekte\/vogeldesjahres\/2007-turmfalke\/; http:\/\/www.nabu.de\/imperia\/md\/content\/nabude\/vogelschutz\/vdj\/2007turmfalke\/1.pdf; http:\/\/www.nabu-elmshorn.de\/artenschutz\/turmfalke\/ 2008 \u0160v\u00fdcarsko: http:\/\/www.birdlife.ch\/fr\/content\/2008-faucon-cr%C3%A9cerelle; https:\/\/www.birdlife.ch\/fr\/content\/oiseau-de-lannee-2008-faucon-crecerelle http:\/\/www.birdlife.ch\/de\/content\/vogel-des-jahres-2008-turmfalke; http:\/\/www.birdlife.ch\/sites\/default\/files\/documents\/ORNIS-Turmfalke.pdf 2008 Gruzie: http:\/\/bcug.narod.ru\/BirdofYear2008.html 2009 Lucembursko: http:\/\/www.naturemwelt.lu\/natur-an-emwelt_ShowNews_News.20-2-296-0.html 2010 B\u011blorusko: https:\/\/birdwatch.by\/pustalga 2016 Arm\u00e9nie:\u2026","rel":"","context":"V \u201eInfo\u201c","block_context":{"text":"Info","link":"https:\/\/tinnunculus.sy-sy.cz\/index.php\/category\/info\/"},"img":{"alt_text":"","src":"","width":0,"height":0},"classes":[]},{"id":382,"url":"https:\/\/tinnunculus.sy-sy.cz\/index.php\/2017\/03\/20\/jaro-astronomicke-kalendarni-a-postolci\/","url_meta":{"origin":14930,"position":4},"title":"Jaro astronomick\u00e9, kalend\u00e1\u0159n\u00ed a&nbsp;po\u0161tol\u010d\u00ed","author":"Zuzana Syrov\u00e1 An\u00fd\u017eov\u00e1","date":"20\/03\/2017","format":false,"excerpt":"Jaro astronomick\u00e9 (jarn\u00ed rovnodennost) p\u0159ipadlo letos na 20. b\u0159ezna 11:28, kdy Slunce op\u011bt pro\u0165alo nebesk\u00fd rovn\u00edk a za\u010dalo stoupat na severn\u00ed obloze st\u00e1le v\u00fd\u0161e nad obzor. Za\u010d\u00e1tek jara n\u00e1m zkalilo \u00famrt\u00ed my\u0161ky J\u016flie, v\u017edy vesel\u00e9 aktivn\u00ed i v posledn\u00edch t\u00fddnech. kdy u\u017e ji tr\u00e1pila choroba. A venku u\u017e je opravdu\u2026","rel":"","context":"V \u201e\"Na\u0161e\" po\u0161tolky\u201c","block_context":{"text":"\"Na\u0161e\" po\u0161tolky","link":"https:\/\/tinnunculus.sy-sy.cz\/index.php\/category\/nasi\/nase-postolky\/"},"img":{"alt_text":"","src":"https:\/\/i0.wp.com\/tinnunculus.sy-sy.cz\/wp-content\/uploads\/2017\/03\/P1330413-1024x768.jpg?resize=350%2C200&ssl=1","width":350,"height":200,"srcset":"https:\/\/i0.wp.com\/tinnunculus.sy-sy.cz\/wp-content\/uploads\/2017\/03\/P1330413-1024x768.jpg?resize=350%2C200&ssl=1 1x, https:\/\/i0.wp.com\/tinnunculus.sy-sy.cz\/wp-content\/uploads\/2017\/03\/P1330413-1024x768.jpg?resize=525%2C300&ssl=1 1.5x"},"classes":[]},{"id":18221,"url":"https:\/\/tinnunculus.sy-sy.cz\/index.php\/2022\/03\/20\/jaro-je-tu\/","url_meta":{"origin":14930,"position":5},"title":"Jaro je tu","author":"Zuzana Syrov\u00e1 An\u00fd\u017eov\u00e1","date":"20\/03\/2022","format":false,"excerpt":"Aneb o tom, jak kone\u010dn\u011b nastalo jaro (alespo\u0148 atronomick\u00e9) a co na to \"na\u0161e\" po\u0161tolky...","rel":"","context":"V \u201e\"Na\u0161e\" po\u0161tolky\u201c","block_context":{"text":"\"Na\u0161e\" po\u0161tolky","link":"https:\/\/tinnunculus.sy-sy.cz\/index.php\/category\/nasi\/nase-postolky\/"},"img":{"alt_text":"","src":"https:\/\/i0.wp.com\/tinnunculus.sy-sy.cz\/wp-content\/uploads\/2022\/03\/20220319-0627005478-e1647787278390.jpg?resize=350%2C200&ssl=1","width":350,"height":200,"srcset":"https:\/\/i0.wp.com\/tinnunculus.sy-sy.cz\/wp-content\/uploads\/2022\/03\/20220319-0627005478-e1647787278390.jpg?resize=350%2C200&ssl=1 1x, https:\/\/i0.wp.com\/tinnunculus.sy-sy.cz\/wp-content\/uploads\/2022\/03\/20220319-0627005478-e1647787278390.jpg?resize=525%2C300&ssl=1 1.5x, https:\/\/i0.wp.com\/tinnunculus.sy-sy.cz\/wp-content\/uploads\/2022\/03\/20220319-0627005478-e1647787278390.jpg?resize=700%2C400&ssl=1 2x, https:\/\/i0.wp.com\/tinnunculus.sy-sy.cz\/wp-content\/uploads\/2022\/03\/20220319-0627005478-e1647787278390.jpg?resize=1050%2C600&ssl=1 3x"},"classes":[]}],"jetpack_sharing_enabled":true,"_links":{"self":[{"href":"https:\/\/tinnunculus.sy-sy.cz\/index.php\/wp-json\/wp\/v2\/posts\/14930","targetHints":{"allow":["GET"]}}],"collection":[{"href":"https:\/\/tinnunculus.sy-sy.cz\/index.php\/wp-json\/wp\/v2\/posts"}],"about":[{"href":"https:\/\/tinnunculus.sy-sy.cz\/index.php\/wp-json\/wp\/v2\/types\/post"}],"author":[{"embeddable":true,"href":"https:\/\/tinnunculus.sy-sy.cz\/index.php\/wp-json\/wp\/v2\/users\/2"}],"replies":[{"embeddable":true,"href":"https:\/\/tinnunculus.sy-sy.cz\/index.php\/wp-json\/wp\/v2\/comments?post=14930"}],"version-history":[{"count":2,"href":"https:\/\/tinnunculus.sy-sy.cz\/index.php\/wp-json\/wp\/v2\/posts\/14930\/revisions"}],"predecessor-version":[{"id":27443,"href":"https:\/\/tinnunculus.sy-sy.cz\/index.php\/wp-json\/wp\/v2\/posts\/14930\/revisions\/27443"}],"wp:attachment":[{"href":"https:\/\/tinnunculus.sy-sy.cz\/index.php\/wp-json\/wp\/v2\/media?parent=14930"}],"wp:term":[{"taxonomy":"category","embeddable":true,"href":"https:\/\/tinnunculus.sy-sy.cz\/index.php\/wp-json\/wp\/v2\/categories?post=14930"},{"taxonomy":"post_tag","embeddable":true,"href":"https:\/\/tinnunculus.sy-sy.cz\/index.php\/wp-json\/wp\/v2\/tags?post=14930"}],"curies":[{"name":"wp","href":"https:\/\/api.w.org\/{rel}","templated":true}]}}