{"id":14720,"date":"2021-02-25T16:33:34","date_gmt":"2021-02-25T15:33:34","guid":{"rendered":"https:\/\/tinnunculus.sy-sy.cz\/?p=14720"},"modified":"2026-03-21T08:18:41","modified_gmt":"2026-03-21T07:18:41","slug":"havran","status":"publish","type":"post","link":"https:\/\/tinnunculus.sy-sy.cz\/index.php\/2021\/02\/25\/havran\/","title":{"rendered":"Havran"},"content":{"rendered":"<p><a href=\"https:\/\/i0.wp.com\/tinnunculus.sy-sy.cz\/wp-content\/uploads\/2021\/02\/20210225-0703571002-e1614424664286.jpg?ssl=1\"><img data-recalc-dims=\"1\" loading=\"lazy\" decoding=\"async\" data-attachment-id=\"14697\" data-permalink=\"https:\/\/tinnunculus.sy-sy.cz\/index.php\/2021\/02\/25\/havran\/20210225-0703571002\/\" data-orig-file=\"https:\/\/i0.wp.com\/tinnunculus.sy-sy.cz\/wp-content\/uploads\/2021\/02\/20210225-0703571002-e1614424664286.jpg?fit=1038%2C584&amp;ssl=1\" data-orig-size=\"1038,584\" data-comments-opened=\"1\" data-image-meta=\"{&quot;aperture&quot;:&quot;0&quot;,&quot;credit&quot;:&quot;&quot;,&quot;camera&quot;:&quot;&quot;,&quot;caption&quot;:&quot;&quot;,&quot;created_timestamp&quot;:&quot;0&quot;,&quot;copyright&quot;:&quot;&quot;,&quot;focal_length&quot;:&quot;0&quot;,&quot;iso&quot;:&quot;0&quot;,&quot;shutter_speed&quot;:&quot;0&quot;,&quot;title&quot;:&quot;&quot;,&quot;orientation&quot;:&quot;0&quot;}\" data-image-title=\"20210225-0703571002\" data-image-description=\"\" data-image-caption=\"\" data-large-file=\"https:\/\/i0.wp.com\/tinnunculus.sy-sy.cz\/wp-content\/uploads\/2021\/02\/20210225-0703571002-e1614424664286.jpg?fit=525%2C295&amp;ssl=1\" class=\"aligncenter wp-image-14697 size-large\" src=\"https:\/\/i0.wp.com\/tinnunculus.sy-sy.cz\/wp-content\/uploads\/2021\/02\/20210225-0703571002.jpg?resize=525%2C295&#038;ssl=1\" alt=\"\" width=\"525\" height=\"295\" \/><\/a><\/p>\n<p>Nic tak pochmurn\u00e9ho jako starod\u00e1vn\u00fd havran v&nbsp;p\u00f3ze velmi v\u00fdhru\u017en\u00e9<br \/>\nna poprs\u00ed Pallady. Jenom jeden, co let\u011bl kolem <!--more-->a dom\u00e1c\u00ed po\u0161tol\u010d\u00ed same\u010dek se s&nbsp;n\u00edm (mo\u017en\u00e1 i&nbsp;jen tak pro radost) honil.\u00a0 Pokud by v\u00e1s zaj\u00edmalo, zda se tato honi\u010dka je\u0161t\u011b opakovala, m\u016f\u017eeme sm\u011ble \u0159\u00edci, \u017ee v\u00edckr\u00e1t ne&#8230;<\/p>\n","protected":false},"excerpt":{"rendered":"<p>Aneb o&nbsp;jenom havranovi, co s&nbsp;n\u00edm &#8222;n\u00e1\u0161&#8220; po\u0161tol\u010d\u00ed same\u010dek hr\u00e1l na hoh\u011bnou (jenom jednou, v\u00edckr\u00e1t ne) &#8230;<\/p>\n","protected":false},"author":2,"featured_media":0,"comment_status":"open","ping_status":"open","sticky":false,"template":"","format":"standard","meta":{"jetpack_post_was_ever_published":false,"_jetpack_newsletter_access":"","_jetpack_dont_email_post_to_subs":false,"_jetpack_newsletter_tier_id":0,"_jetpack_memberships_contains_paywalled_content":false,"_jetpack_memberships_contains_paid_content":false,"footnotes":""},"categories":[147,116,842,308,1596],"tags":[907,298,90,91,33],"class_list":["post-14720","post","type-post","status-publish","format-standard","hentry","category-nase-postolky","category-nasi","category-nasi-sousede-havrani","category-ostatni-najemnici-a-navstevnici","category-postolky-z-nasi-lodzie","tag-907","tag-havran","tag-ps_96","tag-ps_95","tag-ps_21"],"jetpack_featured_media_url":"","jetpack_shortlink":"https:\/\/wp.me\/s91gKE-havran","jetpack-related-posts":[{"id":13949,"url":"https:\/\/tinnunculus.sy-sy.cz\/index.php\/2020\/11\/15\/honicka-s-havrany\/","url_meta":{"origin":14720,"position":0},"title":"Honi\u010dka s&nbsp;havrany","author":"Zuzana Syrov\u00e1 An\u00fd\u017eov\u00e1","date":"15\/11\/2020","format":false,"excerpt":"Aneb o tom, jak kolem na\u0161ich oken poletuj\u00ed havrani k velk\u00e9 radosti po\u0161tolek, kter\u00fdm d\u00e1vaj\u00ed z\u00e1miku k honi\u010dce.","rel":"","context":"V \u201e\"Na\u0161e\" po\u0161tolky\u201c","block_context":{"text":"\"Na\u0161e\" po\u0161tolky","link":"https:\/\/tinnunculus.sy-sy.cz\/index.php\/category\/nasi\/nase-postolky\/"},"img":{"alt_text":"","src":"https:\/\/i0.wp.com\/tinnunculus.sy-sy.cz\/wp-content\/uploads\/2020\/11\/20201115-0733217730-e1605870279150.jpg?resize=350%2C200&ssl=1","width":350,"height":200,"srcset":"https:\/\/i0.wp.com\/tinnunculus.sy-sy.cz\/wp-content\/uploads\/2020\/11\/20201115-0733217730-e1605870279150.jpg?resize=350%2C200&ssl=1 1x, https:\/\/i0.wp.com\/tinnunculus.sy-sy.cz\/wp-content\/uploads\/2020\/11\/20201115-0733217730-e1605870279150.jpg?resize=525%2C300&ssl=1 1.5x, https:\/\/i0.wp.com\/tinnunculus.sy-sy.cz\/wp-content\/uploads\/2020\/11\/20201115-0733217730-e1605870279150.jpg?resize=700%2C400&ssl=1 2x"},"classes":[]},{"id":33872,"url":"https:\/\/tinnunculus.sy-sy.cz\/index.php\/2024\/03\/28\/brnensti-velci-cerni-ptaci\/","url_meta":{"origin":14720,"position":1},"title":"Brn\u011bn\u0161t\u00ed velc\u00ed \u010dern\u00ed pt\u00e1ci","author":"Zuzana Syrov\u00e1 An\u00fd\u017eov\u00e1","date":"28\/03\/2024","format":false,"excerpt":"Aneb o velk\u00e9m nocovi\u0161ti velk\u00fdch \u010den\u00fdch pt\u00e1k\u016f v Brn\u011b a jednom nesmysln\u00e9m projektu lanovky.","rel":"","context":"V \u201eHavran\u201c","block_context":{"text":"Havran","link":"https:\/\/tinnunculus.sy-sy.cz\/index.php\/category\/ostatni-zvirena\/ptaci\/havran\/"},"img":{"alt_text":"","src":"https:\/\/i0.wp.com\/tinnunculus.sy-sy.cz\/wp-content\/uploads\/2024\/03\/birds-705043_1280-1024x768.jpg?resize=350%2C200&ssl=1","width":350,"height":200,"srcset":"https:\/\/i0.wp.com\/tinnunculus.sy-sy.cz\/wp-content\/uploads\/2024\/03\/birds-705043_1280-1024x768.jpg?resize=350%2C200&ssl=1 1x, https:\/\/i0.wp.com\/tinnunculus.sy-sy.cz\/wp-content\/uploads\/2024\/03\/birds-705043_1280-1024x768.jpg?resize=525%2C300&ssl=1 1.5x"},"classes":[]},{"id":14648,"url":"https:\/\/tinnunculus.sy-sy.cz\/index.php\/2021\/01\/27\/vetrelci-a-vetrelkyne\/","url_meta":{"origin":14720,"position":2},"title":"Vet\u0159elci a&nbsp;vet\u0159elkyn\u011b","author":"Zuzana Syrov\u00e1 An\u00fd\u017eov\u00e1","date":"27\/01\/2021","format":false,"excerpt":"Aneb o tom, jak kolem na\u0161\u00ed lod\u017eie houstn\u011b leteck\u00fd provoz a jak ji ostra\u017eit\u00fd dom\u00e1c\u00ed p\u00e1r st\u0159e\u017e\u00ed proti v\u0161em vet\u0159elc\u016fm, obzv\u00e1\u0161t\u011b jedn\u00e9 zv\u011bdav\u00e9 mlad\u00e9 po\u0161tolce.","rel":"","context":"V \u201e\"Na\u0161e\" po\u0161tolky\u201c","block_context":{"text":"\"Na\u0161e\" po\u0161tolky","link":"https:\/\/tinnunculus.sy-sy.cz\/index.php\/category\/nasi\/nase-postolky\/"},"img":{"alt_text":"","src":"https:\/\/i0.wp.com\/tinnunculus.sy-sy.cz\/wp-content\/uploads\/2021\/01\/20210125-0829297058-1024x576.jpg?resize=350%2C200&ssl=1","width":350,"height":200,"srcset":"https:\/\/i0.wp.com\/tinnunculus.sy-sy.cz\/wp-content\/uploads\/2021\/01\/20210125-0829297058-1024x576.jpg?resize=350%2C200&ssl=1 1x, https:\/\/i0.wp.com\/tinnunculus.sy-sy.cz\/wp-content\/uploads\/2021\/01\/20210125-0829297058-1024x576.jpg?resize=525%2C300&ssl=1 1.5x"},"classes":[]},{"id":7047,"url":"https:\/\/tinnunculus.sy-sy.cz\/index.php\/2019\/02\/23\/kdyz-se-trochu-otepli\/","url_meta":{"origin":14720,"position":3},"title":"Kdy\u017e se trochu otepl\u00ed","author":"Zuzana Syrov\u00e1 An\u00fd\u017eov\u00e1","date":"23\/02\/2019","format":false,"excerpt":"Aneb o tom, jak to u n\u00e1s vypad\u00e1, kdy\u017e se v zim\u011b trochu otepl\u00ed a ope\u0159enci nav\u0161t\u011bvuj\u00edc\u00ed na\u0161i lod\u017eii za\u010dnou m\u00edt dojem, \u017ee u\u017e bude jaro.","rel":"","context":"V \u201e\"Na\u0161e\" po\u0161tolky\u201c","block_context":{"text":"\"Na\u0161e\" po\u0161tolky","link":"https:\/\/tinnunculus.sy-sy.cz\/index.php\/category\/nasi\/nase-postolky\/"},"img":{"alt_text":"","src":"https:\/\/i0.wp.com\/tinnunculus.sy-sy.cz\/wp-content\/uploads\/2019\/02\/20190223-0812442709u.jpg?resize=350%2C200&ssl=1","width":350,"height":200,"srcset":"https:\/\/i0.wp.com\/tinnunculus.sy-sy.cz\/wp-content\/uploads\/2019\/02\/20190223-0812442709u.jpg?resize=350%2C200&ssl=1 1x, https:\/\/i0.wp.com\/tinnunculus.sy-sy.cz\/wp-content\/uploads\/2019\/02\/20190223-0812442709u.jpg?resize=525%2C300&ssl=1 1.5x, https:\/\/i0.wp.com\/tinnunculus.sy-sy.cz\/wp-content\/uploads\/2019\/02\/20190223-0812442709u.jpg?resize=700%2C400&ssl=1 2x"},"classes":[]},{"id":9229,"url":"https:\/\/tinnunculus.sy-sy.cz\/index.php\/2019\/09\/10\/a-ktere-z-ptaku-mel-jsi-rad\/","url_meta":{"origin":14720,"position":4},"title":"A kter\u00e9 z&nbsp;pt\u00e1k\u016f m\u011bl jsi r\u00e1d?","author":"Zuzana Syrov\u00e1 An\u00fd\u017eov\u00e1","date":"10\/09\/2019","format":"quote","excerpt":"Aneb po\u0161tolky a ror\u00fdsi liter\u00e1rn\u00ed z b\u00e1sn\u011b Vladim\u00edra Holana (1905\u20131980) Tv\u00e9 d\u011btstv\u00ed ze sb\u00edrky\u00a0 Sbohem?","rel":"","context":"V \u201eHavran\u201c","block_context":{"text":"Havran","link":"https:\/\/tinnunculus.sy-sy.cz\/index.php\/category\/ostatni-zvirena\/ptaci\/havran\/"},"img":{"alt_text":"","src":"https:\/\/i0.wp.com\/tinnunculus.sy-sy.cz\/wp-content\/uploads\/2019\/09\/DSC_1431-1024x761.jpg?resize=350%2C200&ssl=1","width":350,"height":200,"srcset":"https:\/\/i0.wp.com\/tinnunculus.sy-sy.cz\/wp-content\/uploads\/2019\/09\/DSC_1431-1024x761.jpg?resize=350%2C200&ssl=1 1x, https:\/\/i0.wp.com\/tinnunculus.sy-sy.cz\/wp-content\/uploads\/2019\/09\/DSC_1431-1024x761.jpg?resize=525%2C300&ssl=1 1.5x"},"classes":[]},{"id":6182,"url":"https:\/\/tinnunculus.sy-sy.cz\/index.php\/2018\/09\/23\/me-ptactvo\/","url_meta":{"origin":14720,"position":5},"title":"M\u00e9 ptactvo","author":"Zuzana Syrov\u00e1 An\u00fd\u017eov\u00e1","date":"23\/09\/2018","format":"quote","excerpt":"Co se ptactva t\u00fd\u010de, zd\u00e1 se b\u00fdt poezie pln\u00e1 p\u011bvc\u016f, zvl\u00e1\u0161t\u011b t\u011bch dob\u0159e r\u00fdmuj\u00edc\u00edch se. Ov\u0161em v b\u00e1sni M\u00e9 ptactvo Old\u0159icha Mikul\u00e1\u0161ka\u00a0 krou\u017e\u00ed i po\u0161tolka: Netop\u00fdr ale nen\u00ed pt\u00e1k,\" \u0159ekl mi p\u0159\u00edtel. Denn\u011b \u017eiju, jak mus\u00edm a jak chci. Nikdo mn\u011b nenakreslil \u010d\u00e1ru \u017eivota, jen zr\u00e1na kos a ve\u010der netop\u00fdr.\u2026","rel":"","context":"V \u201eHolub\u201c","block_context":{"text":"Holub","link":"https:\/\/tinnunculus.sy-sy.cz\/index.php\/category\/ostatni-zvirena\/ptaci\/holub\/"},"img":{"alt_text":"","src":"https:\/\/i0.wp.com\/tinnunculus.sy-sy.cz\/wp-content\/uploads\/2018\/09\/DSC_1464a-1024x758.jpg?resize=350%2C200&ssl=1","width":350,"height":200,"srcset":"https:\/\/i0.wp.com\/tinnunculus.sy-sy.cz\/wp-content\/uploads\/2018\/09\/DSC_1464a-1024x758.jpg?resize=350%2C200&ssl=1 1x, https:\/\/i0.wp.com\/tinnunculus.sy-sy.cz\/wp-content\/uploads\/2018\/09\/DSC_1464a-1024x758.jpg?resize=525%2C300&ssl=1 1.5x"},"classes":[]}],"jetpack_sharing_enabled":true,"_links":{"self":[{"href":"https:\/\/tinnunculus.sy-sy.cz\/index.php\/wp-json\/wp\/v2\/posts\/14720","targetHints":{"allow":["GET"]}}],"collection":[{"href":"https:\/\/tinnunculus.sy-sy.cz\/index.php\/wp-json\/wp\/v2\/posts"}],"about":[{"href":"https:\/\/tinnunculus.sy-sy.cz\/index.php\/wp-json\/wp\/v2\/types\/post"}],"author":[{"embeddable":true,"href":"https:\/\/tinnunculus.sy-sy.cz\/index.php\/wp-json\/wp\/v2\/users\/2"}],"replies":[{"embeddable":true,"href":"https:\/\/tinnunculus.sy-sy.cz\/index.php\/wp-json\/wp\/v2\/comments?post=14720"}],"version-history":[{"count":1,"href":"https:\/\/tinnunculus.sy-sy.cz\/index.php\/wp-json\/wp\/v2\/posts\/14720\/revisions"}],"predecessor-version":[{"id":45332,"href":"https:\/\/tinnunculus.sy-sy.cz\/index.php\/wp-json\/wp\/v2\/posts\/14720\/revisions\/45332"}],"wp:attachment":[{"href":"https:\/\/tinnunculus.sy-sy.cz\/index.php\/wp-json\/wp\/v2\/media?parent=14720"}],"wp:term":[{"taxonomy":"category","embeddable":true,"href":"https:\/\/tinnunculus.sy-sy.cz\/index.php\/wp-json\/wp\/v2\/categories?post=14720"},{"taxonomy":"post_tag","embeddable":true,"href":"https:\/\/tinnunculus.sy-sy.cz\/index.php\/wp-json\/wp\/v2\/tags?post=14720"}],"curies":[{"name":"wp","href":"https:\/\/api.w.org\/{rel}","templated":true}]}}