{"id":13888,"date":"2020-10-24T16:03:24","date_gmt":"2020-10-24T14:03:24","guid":{"rendered":"https:\/\/tinnunculus.sy-sy.cz\/?p=13888"},"modified":"2026-03-21T08:19:38","modified_gmt":"2026-03-21T07:19:38","slug":"zustane-s-ni","status":"publish","type":"post","link":"https:\/\/tinnunculus.sy-sy.cz\/index.php\/2020\/10\/24\/zustane-s-ni\/","title":{"rendered":"Z\u016fstane s&nbsp;n\u00ed?"},"content":{"rendered":"<p><img data-recalc-dims=\"1\" loading=\"lazy\" decoding=\"async\" data-attachment-id=\"13890\" data-permalink=\"https:\/\/tinnunculus.sy-sy.cz\/index.php\/2020\/10\/24\/zustane-s-ni\/20201017_10-48-24\/\" data-orig-file=\"https:\/\/i0.wp.com\/tinnunculus.sy-sy.cz\/wp-content\/uploads\/2020\/10\/20201017_10-48-24-e1603522610612.jpg?fit=1038%2C584&amp;ssl=1\" data-orig-size=\"1038,584\" data-comments-opened=\"1\" data-image-meta=\"{&quot;aperture&quot;:&quot;0&quot;,&quot;credit&quot;:&quot;&quot;,&quot;camera&quot;:&quot;&quot;,&quot;caption&quot;:&quot;&quot;,&quot;created_timestamp&quot;:&quot;0&quot;,&quot;copyright&quot;:&quot;&quot;,&quot;focal_length&quot;:&quot;0&quot;,&quot;iso&quot;:&quot;0&quot;,&quot;shutter_speed&quot;:&quot;0&quot;,&quot;title&quot;:&quot;&quot;,&quot;orientation&quot;:&quot;0&quot;}\" data-image-title=\"20201017_10-48-24\" data-image-description=\"\" data-image-caption=\"\" data-large-file=\"https:\/\/i0.wp.com\/tinnunculus.sy-sy.cz\/wp-content\/uploads\/2020\/10\/20201017_10-48-24-e1603522610612.jpg?fit=525%2C295&amp;ssl=1\" class=\"aligncenter wp-image-13890 size-large\" src=\"https:\/\/i0.wp.com\/tinnunculus.sy-sy.cz\/wp-content\/uploads\/2020\/10\/20201017_10-48-24.jpg?resize=525%2C295&#038;ssl=1\" alt=\"\" width=\"525\" height=\"295\" \/><\/p>\n<p>Pomalu se bl\u00ed\u017e\u00ed konec \u0159\u00edjna. Toutou dobou u\u017e v\u011bt\u0161inou po\u0161tolky, co u&nbsp;n\u00e1s bydlely, balily sv\u00fdch p\u011bt \u0161vestek a&nbsp;mizely n\u011bkam do teplej\u0161\u00edch kraj\u016f.\u00a0 &#8222;Na\u0161e&#8220; po\u0161tol\u010d\u00ed sami\u010dka u&nbsp;n\u00e1s u\u017e ov\u0161em str\u00e1vila dv\u011b zimy a&nbsp;tak snad z\u016fstane. Jej\u00ed druh se p\u0159ist\u011bhoval vloni na za\u010d\u00e1tku listopadu pot\u00e9, co se p\u0159estal objevovat lo\u0148sk\u00fd otec po\u0161tol\u010d\u00ed rodiny. Uvid\u00edme, zda tak\u00e9 z\u016fstane. <!--more-->Mo\u017en\u00e1, \u017ee ji\u017e porovn\u00e1v\u00e1 pro a&nbsp;proti\u00a0 zimy str\u00e1ven\u00e9 u&nbsp;n\u00e1s. Mezi pro ur\u010dit\u011b pat\u0159\u00ed to, \u017ee si ohl\u00edd\u00e1 dobr\u00e9 bydlo a&nbsp;pohlednou partnerku. O&nbsp;oboj\u00ed je st\u00e1le z\u00e1jem a&nbsp;tak m\u00e1 skoro ka\u017ed\u00fd den postar\u00e1no o&nbsp;z\u00e1bavu s&nbsp;vyh\u00e1n\u011bn\u00edm n\u011bjak\u00e9ho toho vet\u0159elce.<\/p>\n<p>Do jeho ka\u017edodenn\u00edho programu pat\u0159\u00ed minim\u00e1ln\u011b dv\u011b n\u00e1v\u0161t\u011bvy lod\u017eie a&nbsp;sami\u010dky denn\u011b: jedna rann\u00ed, hned po&nbsp;v\u00fdchodu slunce, spojen\u00e1 v&nbsp;t\u011bchto ji\u017e chladn\u011bj\u0161\u00edch dnech se spole\u010dn\u00fdm slun\u011bn\u00edm, druh\u00e1 ve\u010dern\u00ed, t\u011bsn\u011b p\u0159ed z\u00e1padem slunce.<\/p>\n<p><img data-recalc-dims=\"1\" loading=\"lazy\" decoding=\"async\" data-attachment-id=\"13893\" data-permalink=\"https:\/\/tinnunculus.sy-sy.cz\/index.php\/2020\/10\/24\/zustane-s-ni\/20201008-1558266813\/\" data-orig-file=\"https:\/\/i0.wp.com\/tinnunculus.sy-sy.cz\/wp-content\/uploads\/2020\/10\/20201008-1558266813-e1603523004651.jpg?fit=1038%2C584&amp;ssl=1\" data-orig-size=\"1038,584\" data-comments-opened=\"1\" data-image-meta=\"{&quot;aperture&quot;:&quot;0&quot;,&quot;credit&quot;:&quot;&quot;,&quot;camera&quot;:&quot;&quot;,&quot;caption&quot;:&quot;&quot;,&quot;created_timestamp&quot;:&quot;0&quot;,&quot;copyright&quot;:&quot;&quot;,&quot;focal_length&quot;:&quot;0&quot;,&quot;iso&quot;:&quot;0&quot;,&quot;shutter_speed&quot;:&quot;0&quot;,&quot;title&quot;:&quot;&quot;,&quot;orientation&quot;:&quot;0&quot;}\" data-image-title=\"20201008-1558266813\" data-image-description=\"\" data-image-caption=\"\" data-large-file=\"https:\/\/i0.wp.com\/tinnunculus.sy-sy.cz\/wp-content\/uploads\/2020\/10\/20201008-1558266813-e1603523004651.jpg?fit=525%2C295&amp;ssl=1\" class=\"aligncenter wp-image-13893 size-large\" src=\"https:\/\/i0.wp.com\/tinnunculus.sy-sy.cz\/wp-content\/uploads\/2020\/10\/20201008-1558266813.jpg?resize=525%2C295&#038;ssl=1\" alt=\"\" width=\"525\" height=\"295\" \/><\/p>\n<p>Na noc ov\u0161em z\u016fstal jen m\u00e1lokdy. Snad jen n\u011bkolikr\u00e1t v&nbsp;dubnu, kdy\u017e bylo pot\u0159eba lod\u017eii a&nbsp;sami\u010dku ohl\u00eddat p\u0159ed n\u00e1padn\u00edkem, kter\u00e9mu v\u011bnovala (sami\u010dka, nikoliv lod\u017eie) nepat\u0159i\u010dnou pozornost.<\/p>\n<p>Od 19.&nbsp;\u0159\u00edjna se v\u0161ak situace zm\u011bnila a&nbsp;on za\u010dal v&nbsp;lod\u017eii i&nbsp;p\u0159esp\u00e1vat.<\/p>\n<p><img data-recalc-dims=\"1\" loading=\"lazy\" decoding=\"async\" data-attachment-id=\"13891\" data-permalink=\"https:\/\/tinnunculus.sy-sy.cz\/index.php\/2020\/10\/24\/zustane-s-ni\/20201020_18-31-24\/\" data-orig-file=\"https:\/\/i0.wp.com\/tinnunculus.sy-sy.cz\/wp-content\/uploads\/2020\/10\/20201020_18-31-24-e1603522591351.jpg?fit=1038%2C584&amp;ssl=1\" data-orig-size=\"1038,584\" data-comments-opened=\"1\" data-image-meta=\"{&quot;aperture&quot;:&quot;0&quot;,&quot;credit&quot;:&quot;&quot;,&quot;camera&quot;:&quot;&quot;,&quot;caption&quot;:&quot;&quot;,&quot;created_timestamp&quot;:&quot;0&quot;,&quot;copyright&quot;:&quot;&quot;,&quot;focal_length&quot;:&quot;0&quot;,&quot;iso&quot;:&quot;0&quot;,&quot;shutter_speed&quot;:&quot;0&quot;,&quot;title&quot;:&quot;&quot;,&quot;orientation&quot;:&quot;0&quot;}\" data-image-title=\"20201020_18-31-24\" data-image-description=\"\" data-image-caption=\"\" data-large-file=\"https:\/\/i0.wp.com\/tinnunculus.sy-sy.cz\/wp-content\/uploads\/2020\/10\/20201020_18-31-24-e1603522591351.jpg?fit=525%2C295&amp;ssl=1\" class=\"aligncenter wp-image-13891 size-large\" src=\"https:\/\/i0.wp.com\/tinnunculus.sy-sy.cz\/wp-content\/uploads\/2020\/10\/20201020_18-31-24.jpg?resize=525%2C295&#038;ssl=1\" alt=\"\" width=\"525\" height=\"295\" \/><\/p>\n<p>V\u010dera po&nbsp;r\u00e1nu si pak se sami\u010dkou takto projevovali n\u00e1klonnost:<\/p>\n<div style=\"width: 525px;\" class=\"wp-video\"><video class=\"wp-video-shortcode\" id=\"video-13888-1\" width=\"525\" height=\"295\" preload=\"metadata\" controls=\"controls\"><source type=\"video\/mp4\" src=\"https:\/\/tinnunculus.sy-sy.cz\/wp-content\/uploads\/2020\/10\/20201023-071838.mp4?_=1\" \/><a href=\"https:\/\/tinnunculus.sy-sy.cz\/wp-content\/uploads\/2020\/10\/20201023-071838.mp4\">https:\/\/tinnunculus.sy-sy.cz\/wp-content\/uploads\/2020\/10\/20201023-071838.mp4<\/a><\/video><\/div>\n<p>Ov\u0161em do zimy je\u0161t\u011b dosti \u010dasu zb\u00fdv\u00e1. Nech\u00e1me se p\u0159ekvapit zda u&nbsp;n\u00e1s p\u0159es ni oba z\u016fstanou&#8230;<\/p>\n","protected":false},"excerpt":{"rendered":"<p>Pomalu se bl\u00ed\u017e\u00ed konec \u0159\u00edjna. Toutou dobou u\u017e v\u011bt\u0161inou po\u0161tolky, co u&nbsp;n\u00e1s bydlely, balily sv\u00fdch p\u011bt \u0161vestek a&nbsp;mizely n\u011bkam do teplej\u0161\u00edch kraj\u016f.\u00a0 &#8222;Na\u0161e&#8220; po\u0161tol\u010d\u00ed sami\u010dka u&nbsp;n\u00e1s u\u017e ov\u0161em str\u00e1vila dv\u011b zimy a&nbsp;tak snad z\u016fstane. Jej\u00ed druh se p\u0159ist\u011bhoval vloni na za\u010d\u00e1tku listopadu pot\u00e9, co se p\u0159estal objevovat lo\u0148sk\u00fd otec po\u0161tol\u010d\u00ed rodiny. Uvid\u00edme, zda tak\u00e9 z\u016fstane.<\/p>\n","protected":false},"author":2,"featured_media":0,"comment_status":"open","ping_status":"open","sticky":false,"template":"","format":"standard","meta":{"jetpack_post_was_ever_published":false,"_jetpack_newsletter_access":"","_jetpack_dont_email_post_to_subs":false,"_jetpack_newsletter_tier_id":0,"_jetpack_memberships_contains_paywalled_content":false,"_jetpack_memberships_contains_paid_content":false,"footnotes":""},"categories":[147,142,116,105,110,1596,307,108],"tags":[735,90,91,9,10],"class_list":["post-13888","post","type-post","status-publish","format-standard","hentry","category-nase-postolky","category-dravec","category-nasi","category-postolka","category-postolka-obecna","category-postolky-z-nasi-lodzie","category-ptaci","category-ostatni-zvirena","tag-735","tag-ps_96","tag-ps_95","tag-ps_24","tag-ps_41"],"jetpack_featured_media_url":"","jetpack_shortlink":"https:\/\/wp.me\/p91gKE-3C0","jetpack-related-posts":[{"id":5527,"url":"https:\/\/tinnunculus.sy-sy.cz\/index.php\/2018\/06\/22\/jenom-ctyri\/","url_meta":{"origin":13888,"position":0},"title":"&#8222;Jenom&#8220; \u010dty\u0159i","author":"Zuzana Syrov\u00e1 An\u00fd\u017eov\u00e1","date":"22\/06\/2018","format":false,"excerpt":"Jak to tak vypad\u00e1, po\u0161tol\u010data letos budou jen \u010dty\u0159i. Na sn\u00edmku naho\u0159e je vid\u00edte p\u0159i krmen\u00ed sami\u010dkou. Same\u010dek, zodpov\u011bdn\u00fd za z\u00e1sobov\u00e1n\u00ed rodiny, pr\u00e1v\u011b odl\u00e9t\u00e1 ze z\u00e1bradl\u00ed. P\u00e1t\u00e9 vejce tedy u\u017e z\u016fstane vejcem... Sami\u010dka na n\u011bm sice je\u0161t\u011b v prvn\u00edch dnech tohoto t\u00fddne posed\u00e1vala, ale vlastn\u011b u\u017e jen tak, aby se\u2026","rel":"","context":"V \u201e\"Na\u0161e\" po\u0161tolky\u201c","block_context":{"text":"\"Na\u0161e\" po\u0161tolky","link":"https:\/\/tinnunculus.sy-sy.cz\/index.php\/category\/nasi\/nase-postolky\/"},"img":{"alt_text":"","src":"https:\/\/i0.wp.com\/tinnunculus.sy-sy.cz\/wp-content\/uploads\/2018\/06\/20180619_07-16-49_1u-1024x576.jpg?resize=350%2C200&ssl=1","width":350,"height":200,"srcset":"https:\/\/i0.wp.com\/tinnunculus.sy-sy.cz\/wp-content\/uploads\/2018\/06\/20180619_07-16-49_1u-1024x576.jpg?resize=350%2C200&ssl=1 1x, https:\/\/i0.wp.com\/tinnunculus.sy-sy.cz\/wp-content\/uploads\/2018\/06\/20180619_07-16-49_1u-1024x576.jpg?resize=525%2C300&ssl=1 1.5x"},"classes":[]},{"id":339,"url":"https:\/\/tinnunculus.sy-sy.cz\/index.php\/2016\/06\/03\/stehovani-kamer\/","url_meta":{"origin":13888,"position":1},"title":"St\u011bhov\u00e1n\u00ed kamer","author":"Zuzana Syrov\u00e1 An\u00fd\u017eov\u00e1","date":"03\/06\/2016","format":false,"excerpt":"Ve st\u0159edu n\u00e1m maj\u00ed demontovat z\u00e1bradl\u00ed lod\u017eie. \u00dadajn\u011b to m\u00e1 b\u00fdt rychl\u00e1 operace. Dvojice horolezc\u016f z\u00e1bradl\u00ed od\u0161roubuje a snese. Po\u0161tol\u010data by tuto akci m\u011bla p\u0159e\u010dkat v hn\u00edzdn\u00edm kout\u011b a z\u016fstat pak v lod\u017eii do t\u00e9 doby ne\u017e sama vylet\u00ed. Do t\u00e9 doby z\u016fstane lod\u017eie a\u017e na z\u00e1bradl\u00ed tak, jak je.\u2026","rel":"","context":"V \u201e\"Na\u0161e\" po\u0161tolky\u201c","block_context":{"text":"\"Na\u0161e\" po\u0161tolky","link":"https:\/\/tinnunculus.sy-sy.cz\/index.php\/category\/nasi\/nase-postolky\/"},"img":{"alt_text":"","src":"https:\/\/i0.wp.com\/tinnunculus.sy-sy.cz\/wp-content\/uploads\/2016\/06\/20160603_07-40-36-1024x576.jpg?resize=350%2C200&ssl=1","width":350,"height":200,"srcset":"https:\/\/i0.wp.com\/tinnunculus.sy-sy.cz\/wp-content\/uploads\/2016\/06\/20160603_07-40-36-1024x576.jpg?resize=350%2C200&ssl=1 1x, https:\/\/i0.wp.com\/tinnunculus.sy-sy.cz\/wp-content\/uploads\/2016\/06\/20160603_07-40-36-1024x576.jpg?resize=525%2C300&ssl=1 1.5x"},"classes":[]},{"id":13480,"url":"https:\/\/tinnunculus.sy-sy.cz\/index.php\/2020\/07\/26\/na-konci-sezony\/","url_meta":{"origin":13888,"position":2},"title":"Na konci sez\u00f3ny","author":"Zuzana Syrov\u00e1 An\u00fd\u017eov\u00e1","date":"26\/07\/2020","format":false,"excerpt":"Aneb o tom, jak to vypad\u00e1 s po\u0161tol\u010d\u00edmi rodi\u010di na konci leto\u0161n\u00ed hn\u00edzdn\u00ed sez\u00f3ny.","rel":"","context":"V \u201e\"Na\u0161e\" po\u0161tolky\u201c","block_context":{"text":"\"Na\u0161e\" po\u0161tolky","link":"https:\/\/tinnunculus.sy-sy.cz\/index.php\/category\/nasi\/nase-postolky\/"},"img":{"alt_text":"","src":"https:\/\/i0.wp.com\/tinnunculus.sy-sy.cz\/wp-content\/uploads\/2020\/07\/20200726-0542087736-1024x576.jpg?resize=350%2C200&ssl=1","width":350,"height":200,"srcset":"https:\/\/i0.wp.com\/tinnunculus.sy-sy.cz\/wp-content\/uploads\/2020\/07\/20200726-0542087736-1024x576.jpg?resize=350%2C200&ssl=1 1x, https:\/\/i0.wp.com\/tinnunculus.sy-sy.cz\/wp-content\/uploads\/2020\/07\/20200726-0542087736-1024x576.jpg?resize=525%2C300&ssl=1 1.5x"},"classes":[]},{"id":15515,"url":"https:\/\/tinnunculus.sy-sy.cz\/index.php\/2021\/04\/27\/konecne-uz-je-tu\/","url_meta":{"origin":13888,"position":3},"title":"Kone\u010dn\u011b u\u017e je tu","author":"Zuzana Syrov\u00e1 An\u00fd\u017eov\u00e1","date":"27\/04\/2021","format":false,"excerpt":"Aneb o tom jak se dnes v 10:45 se p\u0159ed bedliv\u00fdmi oky kamer v na\u0161\u00ed lod\u017eii kone\u010dn\u011b objevilo prvn\u00ed leto\u0161n\u00ed po\u0161tol\u010d\u00ed vejce a co tomu p\u0159edch\u00e1zelo.","rel":"","context":"V \u201e\"Na\u0161e\" po\u0161tolky\u201c","block_context":{"text":"\"Na\u0161e\" po\u0161tolky","link":"https:\/\/tinnunculus.sy-sy.cz\/index.php\/category\/nasi\/nase-postolky\/"},"img":{"alt_text":"","src":"https:\/\/i0.wp.com\/tinnunculus.sy-sy.cz\/wp-content\/uploads\/2021\/04\/20210427-1048395912-1024x576.jpg?resize=350%2C200&ssl=1","width":350,"height":200,"srcset":"https:\/\/i0.wp.com\/tinnunculus.sy-sy.cz\/wp-content\/uploads\/2021\/04\/20210427-1048395912-1024x576.jpg?resize=350%2C200&ssl=1 1x, https:\/\/i0.wp.com\/tinnunculus.sy-sy.cz\/wp-content\/uploads\/2021\/04\/20210427-1048395912-1024x576.jpg?resize=525%2C300&ssl=1 1.5x"},"classes":[]},{"id":166,"url":"https:\/\/tinnunculus.sy-sy.cz\/index.php\/2014\/11\/10\/o-postolcim-roku-z-pohledu-lidi-domacich\/","url_meta":{"origin":13888,"position":4},"title":"O po\u0161tol\u010d\u00edm roku z&nbsp;pohledu lid\u00ed dom\u00e1c\u00edch","author":"Zuzana Syrov\u00e1 An\u00fd\u017eov\u00e1","date":"10\/11\/2014","format":false,"excerpt":"O tom, jak vypad\u00e1 po\u0161tol\u010d\u00ed rok co se t\u00fd\u010de \"na\u0161ich\" po\u0161tolek, jsme ji\u017e psali. B\u011bhem t\u011bch n\u011bkolika let, co u n\u00e1s po\u0161tolky hn\u00edzd\u00ed, ovlivnily i \u017eivot n\u00e1s lid\u00ed dom\u00e1c\u00edch. Sami\u010dka, same\u010dek a pozdn\u00ed sn\u00edh... (03\/2013) Po\u0161tol\u010d\u00ed rok pro n\u00e1s za\u010d\u00edn\u00e1 v zim\u011b vyhl\u00ed\u017een\u00edm prvn\u00ed po\u0161tolky. V\u011bt\u0161ina kamer je v t\u00e9\u2026","rel":"","context":"V \u201e\"Na\u0161e\" po\u0161tolky\u201c","block_context":{"text":"\"Na\u0161e\" po\u0161tolky","link":"https:\/\/tinnunculus.sy-sy.cz\/index.php\/category\/nasi\/nase-postolky\/"},"img":{"alt_text":"","src":"https:\/\/i0.wp.com\/tinnunculus.sy-sy.cz\/wp-content\/uploads\/2014\/11\/20130401-5-59-5-1024x819.jpg?resize=350%2C200&ssl=1","width":350,"height":200,"srcset":"https:\/\/i0.wp.com\/tinnunculus.sy-sy.cz\/wp-content\/uploads\/2014\/11\/20130401-5-59-5-1024x819.jpg?resize=350%2C200&ssl=1 1x, https:\/\/i0.wp.com\/tinnunculus.sy-sy.cz\/wp-content\/uploads\/2014\/11\/20130401-5-59-5-1024x819.jpg?resize=525%2C300&ssl=1 1.5x"},"classes":[]},{"id":31383,"url":"https:\/\/tinnunculus.sy-sy.cz\/index.php\/2024\/02\/02\/na-hromnice-zimy-polovice\/","url_meta":{"origin":13888,"position":5},"title":"Na hromnice zimy polovice","author":"Zuzana Syrov\u00e1 An\u00fd\u017eov\u00e1","date":"02\/02\/2024","format":false,"excerpt":"Aneb o tom, jak \"na\u0161e\" po\u0161tolky letos tr\u00e1vily Hromnice a co jsme d\u011blali my lid\u00e9 dom\u00e1c\u00ed...","rel":"","context":"V \u201e\"Na\u0161e\" po\u0161tolky\u201c","block_context":{"text":"\"Na\u0161e\" po\u0161tolky","link":"https:\/\/tinnunculus.sy-sy.cz\/index.php\/category\/nasi\/nase-postolky\/"},"img":{"alt_text":"","src":"https:\/\/i0.wp.com\/tinnunculus.sy-sy.cz\/wp-content\/uploads\/2024\/02\/20240202-0730240437-e1706893816112.jpg?resize=350%2C200&ssl=1","width":350,"height":200,"srcset":"https:\/\/i0.wp.com\/tinnunculus.sy-sy.cz\/wp-content\/uploads\/2024\/02\/20240202-0730240437-e1706893816112.jpg?resize=350%2C200&ssl=1 1x, https:\/\/i0.wp.com\/tinnunculus.sy-sy.cz\/wp-content\/uploads\/2024\/02\/20240202-0730240437-e1706893816112.jpg?resize=525%2C300&ssl=1 1.5x, https:\/\/i0.wp.com\/tinnunculus.sy-sy.cz\/wp-content\/uploads\/2024\/02\/20240202-0730240437-e1706893816112.jpg?resize=700%2C400&ssl=1 2x"},"classes":[]}],"jetpack_sharing_enabled":true,"_links":{"self":[{"href":"https:\/\/tinnunculus.sy-sy.cz\/index.php\/wp-json\/wp\/v2\/posts\/13888","targetHints":{"allow":["GET"]}}],"collection":[{"href":"https:\/\/tinnunculus.sy-sy.cz\/index.php\/wp-json\/wp\/v2\/posts"}],"about":[{"href":"https:\/\/tinnunculus.sy-sy.cz\/index.php\/wp-json\/wp\/v2\/types\/post"}],"author":[{"embeddable":true,"href":"https:\/\/tinnunculus.sy-sy.cz\/index.php\/wp-json\/wp\/v2\/users\/2"}],"replies":[{"embeddable":true,"href":"https:\/\/tinnunculus.sy-sy.cz\/index.php\/wp-json\/wp\/v2\/comments?post=13888"}],"version-history":[{"count":3,"href":"https:\/\/tinnunculus.sy-sy.cz\/index.php\/wp-json\/wp\/v2\/posts\/13888\/revisions"}],"predecessor-version":[{"id":38030,"href":"https:\/\/tinnunculus.sy-sy.cz\/index.php\/wp-json\/wp\/v2\/posts\/13888\/revisions\/38030"}],"wp:attachment":[{"href":"https:\/\/tinnunculus.sy-sy.cz\/index.php\/wp-json\/wp\/v2\/media?parent=13888"}],"wp:term":[{"taxonomy":"category","embeddable":true,"href":"https:\/\/tinnunculus.sy-sy.cz\/index.php\/wp-json\/wp\/v2\/categories?post=13888"},{"taxonomy":"post_tag","embeddable":true,"href":"https:\/\/tinnunculus.sy-sy.cz\/index.php\/wp-json\/wp\/v2\/tags?post=13888"}],"curies":[{"name":"wp","href":"https:\/\/api.w.org\/{rel}","templated":true}]}}