{"id":12077,"date":"2020-04-10T18:39:14","date_gmt":"2020-04-10T16:39:14","guid":{"rendered":"https:\/\/tinnunculus.sy-sy.cz\/?p=12077"},"modified":"2026-03-21T08:47:55","modified_gmt":"2026-03-21T07:47:55","slug":"lety-zasnubni","status":"publish","type":"post","link":"https:\/\/tinnunculus.sy-sy.cz\/index.php\/2020\/04\/10\/lety-zasnubni\/","title":{"rendered":"Lety z\u00e1snubn\u00ed"},"content":{"rendered":"<p><img data-recalc-dims=\"1\" loading=\"lazy\" decoding=\"async\" data-attachment-id=\"12046\" data-permalink=\"https:\/\/tinnunculus.sy-sy.cz\/index.php\/2020\/04\/10\/lety-zasnubni\/_0007508uprav1\/\" data-orig-file=\"https:\/\/i0.wp.com\/tinnunculus.sy-sy.cz\/wp-content\/uploads\/2020\/04\/0007508uprav1-e1586466827507.jpg?fit=1038%2C700&amp;ssl=1\" data-orig-size=\"1038,700\" data-comments-opened=\"1\" data-image-meta=\"{&quot;aperture&quot;:&quot;10&quot;,&quot;credit&quot;:&quot;&quot;,&quot;camera&quot;:&quot;NIKON D200&quot;,&quot;caption&quot;:&quot;&quot;,&quot;created_timestamp&quot;:&quot;1586433170&quot;,&quot;copyright&quot;:&quot;&quot;,&quot;focal_length&quot;:&quot;135&quot;,&quot;iso&quot;:&quot;200&quot;,&quot;shutter_speed&quot;:&quot;0.0025&quot;,&quot;title&quot;:&quot;&quot;,&quot;orientation&quot;:&quot;1&quot;}\" data-image-title=\"_0007508uprav1\" data-image-description=\"\" data-image-caption=\"\" data-large-file=\"https:\/\/i0.wp.com\/tinnunculus.sy-sy.cz\/wp-content\/uploads\/2020\/04\/0007508uprav1-e1586466827507.jpg?fit=525%2C354&amp;ssl=1\" class=\"aligncenter wp-image-12046 size-large\" src=\"https:\/\/i0.wp.com\/tinnunculus.sy-sy.cz\/wp-content\/uploads\/2020\/04\/0007508uprav1.jpg?resize=525%2C354&#038;ssl=1\" alt=\"\" width=\"525\" height=\"354\" \/><\/p>\n<p>Cel\u00e9 v\u010derej\u0161\u00ed dopoledne tr\u00e1vily mlad\u00e9 po\u0161tolky na druh\u00e9 stran\u011b na\u0161eho domu leteckou akrobaci\u00ed. Ka\u017edoro\u010dn\u011b se v&nbsp;na\u0161em dom\u011b o&nbsp;dv\u011b patra n\u00ed\u017ee ve v\u011btrac\u00edm otvoru sp\u00ed\u017ee sna\u017e\u00ed n\u011bjak\u00fd p\u00e1r t\u011bch nejmlad\u0161\u00edch zahn\u00edzdit. <!--more-->Ty dv\u011b leto\u0161n\u00ed si z\u0159ejm\u011b pom\u00fd\u0161lej\u00ed na stejn\u00e9 hn\u00edzdo. Jako ka\u017edoro\u010dn\u011b jsme se je my pokou\u0161eli vyfotit z&nbsp;okna na\u0161\u00ed kuchyn\u011b. Byly na n\u00e1s ale a\u017e moc rychl\u00e9, tak\u017ee ob\u011b dohromady se n\u00e1m je vyfotit nepoda\u0159ilo.<\/p>\n<p><img data-recalc-dims=\"1\" loading=\"lazy\" decoding=\"async\" data-attachment-id=\"12047\" data-permalink=\"https:\/\/tinnunculus.sy-sy.cz\/index.php\/2020\/04\/10\/lety-zasnubni\/_0007511uprav\/\" data-orig-file=\"https:\/\/i0.wp.com\/tinnunculus.sy-sy.cz\/wp-content\/uploads\/2020\/04\/0007511uprav-scaled-e1586466799521.jpg?fit=1038%2C613&amp;ssl=1\" data-orig-size=\"1038,613\" data-comments-opened=\"1\" data-image-meta=\"{&quot;aperture&quot;:&quot;9&quot;,&quot;credit&quot;:&quot;&quot;,&quot;camera&quot;:&quot;NIKON D200&quot;,&quot;caption&quot;:&quot;&quot;,&quot;created_timestamp&quot;:&quot;1586433175&quot;,&quot;copyright&quot;:&quot;&quot;,&quot;focal_length&quot;:&quot;135&quot;,&quot;iso&quot;:&quot;200&quot;,&quot;shutter_speed&quot;:&quot;0.003125&quot;,&quot;title&quot;:&quot;&quot;,&quot;orientation&quot;:&quot;1&quot;}\" data-image-title=\"_0007511uprav\" data-image-description=\"\" data-image-caption=\"\" data-large-file=\"https:\/\/i0.wp.com\/tinnunculus.sy-sy.cz\/wp-content\/uploads\/2020\/04\/0007511uprav-scaled-e1586466799521.jpg?fit=525%2C310&amp;ssl=1\" class=\"aligncenter wp-image-12047 size-large\" src=\"https:\/\/i0.wp.com\/tinnunculus.sy-sy.cz\/wp-content\/uploads\/2020\/04\/0007511uprav.jpg?resize=525%2C310&#038;ssl=1\" alt=\"\" width=\"525\" height=\"310\" \/><\/p>\n<p><img data-recalc-dims=\"1\" loading=\"lazy\" decoding=\"async\" data-attachment-id=\"12041\" data-permalink=\"https:\/\/tinnunculus.sy-sy.cz\/index.php\/2020\/04\/10\/lety-zasnubni\/_0007420uprav1\/\" data-orig-file=\"https:\/\/i0.wp.com\/tinnunculus.sy-sy.cz\/wp-content\/uploads\/2020\/04\/0007420uprav1-e1586465938299.jpg?fit=1038%2C673&amp;ssl=1\" data-orig-size=\"1038,673\" data-comments-opened=\"1\" data-image-meta=\"{&quot;aperture&quot;:&quot;9&quot;,&quot;credit&quot;:&quot;&quot;,&quot;camera&quot;:&quot;NIKON D200&quot;,&quot;caption&quot;:&quot;&quot;,&quot;created_timestamp&quot;:&quot;1586432895&quot;,&quot;copyright&quot;:&quot;&quot;,&quot;focal_length&quot;:&quot;135&quot;,&quot;iso&quot;:&quot;200&quot;,&quot;shutter_speed&quot;:&quot;0.003125&quot;,&quot;title&quot;:&quot;&quot;,&quot;orientation&quot;:&quot;1&quot;}\" data-image-title=\"_0007420uprav1\" data-image-description=\"\" data-image-caption=\"\" data-large-file=\"https:\/\/i0.wp.com\/tinnunculus.sy-sy.cz\/wp-content\/uploads\/2020\/04\/0007420uprav1-e1586465938299.jpg?fit=525%2C340&amp;ssl=1\" class=\"aligncenter wp-image-12041 size-large\" src=\"https:\/\/i0.wp.com\/tinnunculus.sy-sy.cz\/wp-content\/uploads\/2020\/04\/0007420uprav1.jpg?resize=525%2C340&#038;ssl=1\" alt=\"\" width=\"525\" height=\"340\" \/><\/p>\n<p>L\u00e9taly vytrvale a&nbsp;jen ob\u010das si trochu oddechly na vrcholu n\u011bkter\u00e9ho stromu.<\/p>\n<p><img data-recalc-dims=\"1\" loading=\"lazy\" decoding=\"async\" data-attachment-id=\"12044\" data-permalink=\"https:\/\/tinnunculus.sy-sy.cz\/index.php\/2020\/04\/10\/lety-zasnubni\/_0007490uprav1\/\" data-orig-file=\"https:\/\/i0.wp.com\/tinnunculus.sy-sy.cz\/wp-content\/uploads\/2020\/04\/0007490uprav1-e1586466209571.jpg?fit=1038%2C703&amp;ssl=1\" data-orig-size=\"1038,703\" data-comments-opened=\"1\" data-image-meta=\"{&quot;aperture&quot;:&quot;7.1&quot;,&quot;credit&quot;:&quot;&quot;,&quot;camera&quot;:&quot;NIKON D200&quot;,&quot;caption&quot;:&quot;&quot;,&quot;created_timestamp&quot;:&quot;1586433059&quot;,&quot;copyright&quot;:&quot;&quot;,&quot;focal_length&quot;:&quot;400&quot;,&quot;iso&quot;:&quot;200&quot;,&quot;shutter_speed&quot;:&quot;0.005&quot;,&quot;title&quot;:&quot;&quot;,&quot;orientation&quot;:&quot;1&quot;}\" data-image-title=\"_0007490uprav1\" data-image-description=\"\" data-image-caption=\"\" data-large-file=\"https:\/\/i0.wp.com\/tinnunculus.sy-sy.cz\/wp-content\/uploads\/2020\/04\/0007490uprav1-e1586466209571.jpg?fit=525%2C356&amp;ssl=1\" class=\"aligncenter wp-image-12044 size-large\" src=\"https:\/\/i0.wp.com\/tinnunculus.sy-sy.cz\/wp-content\/uploads\/2020\/04\/0007490uprav1.jpg?resize=525%2C356&#038;ssl=1\" alt=\"\" width=\"525\" height=\"356\" \/><\/p>\n<p>Uvid\u00edme, jak se jim letos bude da\u0159it a&nbsp;zda doopravdy v&nbsp;tom spi\u017en\u00edm v\u011btr\u00e1ku zakotv\u00ed. Moc toho u\u017e tady na v\u00fdb\u011br nezb\u00fdv\u00e1, proto\u017ee tu l\u00e9ta slibovanou budku jsme jim st\u00e1le je\u0161t\u011b neopat\u0159ili.<\/p>\n<ul>\n<li><a href=\"https:\/\/tinnunculus.sy-sy.cz\/index.php\/2014\/10\/11\/budka-pro-postolky-aneb-postolkovnik\/\">Budka pro po\u0161tolky aneb po\u0161tolkovn\u00edk<\/a><\/li>\n<\/ul>\n","protected":false},"excerpt":{"rendered":"<p>Aneb o&nbsp;tom, jak se letos da\u0159\u00ed mlad\u00fdm po\u0161tolk\u00e1m na druh\u00e9 stran\u011b na\u0161eho domu.<\/p>\n","protected":false},"author":2,"featured_media":0,"comment_status":"open","ping_status":"open","sticky":false,"template":"","format":"standard","meta":{"jetpack_post_was_ever_published":false,"_jetpack_newsletter_access":"","_jetpack_dont_email_post_to_subs":false,"_jetpack_newsletter_tier_id":0,"_jetpack_memberships_contains_paywalled_content":false,"_jetpack_memberships_contains_paid_content":false,"footnotes":""},"categories":[147,142,116,105,110,1596,1598,307,108],"tags":[735,30,90,15],"class_list":["post-12077","post","type-post","status-publish","format-standard","hentry","category-nase-postolky","category-dravec","category-nasi","category-postolka","category-postolka-obecna","category-postolky-z-nasi-lodzie","category-postolky-za-oknem-nasi-kuchyne","category-ptaci","category-ostatni-zvirena","tag-735","tag-ps_55","tag-ps_96","tag-ps_8"],"jetpack_featured_media_url":"","jetpack_shortlink":"https:\/\/wp.me\/p91gKE-38N","jetpack-related-posts":[{"id":43489,"url":"https:\/\/tinnunculus.sy-sy.cz\/index.php\/2025\/07\/14\/dve-spizni\/","url_meta":{"origin":12077,"position":0},"title":"Dv\u011b spi\u017en\u00ed","author":"Zuzana Syrov\u00e1 An\u00fd\u017eov\u00e1","date":"14\/07\/2025","format":false,"excerpt":"Aneb o tom, jak se da\u0159\u00ed po\u0161tolk\u00e1m, kter\u00e9 hn\u00edzd\u00ed ve v\u011btrac\u00edm otvoru sp\u00ed\u0159e na prot\u011bj\u0161\u00ed stran\u011b na\u0161eho domu.","rel":"","context":"V \u201eDravec\u201c","block_context":{"text":"Dravec","link":"https:\/\/tinnunculus.sy-sy.cz\/index.php\/category\/ostatni-zvirena\/ptaci\/dravec\/"},"img":{"alt_text":"","src":"https:\/\/i0.wp.com\/tinnunculus.sy-sy.cz\/wp-content\/uploads\/2025\/07\/DSCN3605u-scaled-e1752441810630-1024x577.jpg?resize=350%2C200&ssl=1","width":350,"height":200,"srcset":"https:\/\/i0.wp.com\/tinnunculus.sy-sy.cz\/wp-content\/uploads\/2025\/07\/DSCN3605u-scaled-e1752441810630-1024x577.jpg?resize=350%2C200&ssl=1 1x, https:\/\/i0.wp.com\/tinnunculus.sy-sy.cz\/wp-content\/uploads\/2025\/07\/DSCN3605u-scaled-e1752441810630-1024x577.jpg?resize=525%2C300&ssl=1 1.5x"},"classes":[]},{"id":42487,"url":"https:\/\/tinnunculus.sy-sy.cz\/index.php\/2025\/06\/02\/postolky-spizni-2\/","url_meta":{"origin":12077,"position":1},"title":"Po\u0161tolky spi\u017en\u00ed","author":"Zuzana Syrov\u00e1 An\u00fd\u017eov\u00e1","date":"02\/06\/2025","format":false,"excerpt":"Aneb o nouzov\u00e9m bydlen\u00ed po\u0161tolek hn\u00edzd\u00edc\u00edch na na prot\u011bj\u0161\u00ed stran\u011b na\u0161eho domu.","rel":"","context":"V \u201eDravec\u201c","block_context":{"text":"Dravec","link":"https:\/\/tinnunculus.sy-sy.cz\/index.php\/category\/ostatni-zvirena\/ptaci\/dravec\/"},"img":{"alt_text":"","src":"https:\/\/i0.wp.com\/tinnunculus.sy-sy.cz\/wp-content\/uploads\/2025\/06\/DSCN1780-scaled-e1748814489190-1024x575.jpg?resize=350%2C200&ssl=1","width":350,"height":200,"srcset":"https:\/\/i0.wp.com\/tinnunculus.sy-sy.cz\/wp-content\/uploads\/2025\/06\/DSCN1780-scaled-e1748814489190-1024x575.jpg?resize=350%2C200&ssl=1 1x, https:\/\/i0.wp.com\/tinnunculus.sy-sy.cz\/wp-content\/uploads\/2025\/06\/DSCN1780-scaled-e1748814489190-1024x575.jpg?resize=525%2C300&ssl=1 1.5x"},"classes":[]},{"id":44235,"url":"https:\/\/tinnunculus.sy-sy.cz\/index.php\/2025\/07\/28\/spizni-postolky-a-postolcata\/","url_meta":{"origin":12077,"position":2},"title":"Spi\u017en\u00ed po\u0161tolky a&nbsp;po\u0161tol\u010data","author":"Zuzana Syrov\u00e1 An\u00fd\u017eov\u00e1","date":"28\/07\/2025","format":false,"excerpt":"Aneb ohl\u00e9dnut\u00ed za leto\u0161n\u00edm hn\u00edzd\u011bn\u00edm po\u0161tolek ve v\u011btrac\u00edm otvoru spi\u017en\u00ed sk\u0159\u00edn\u011b na prot\u011bj\u0161\u00ed stran\u011b na\u0161eho domu.","rel":"","context":"V \u201eDravec\u201c","block_context":{"text":"Dravec","link":"https:\/\/tinnunculus.sy-sy.cz\/index.php\/category\/ostatni-zvirena\/ptaci\/dravec\/"},"img":{"alt_text":"","src":"https:\/\/i0.wp.com\/tinnunculus.sy-sy.cz\/wp-content\/uploads\/2025\/10\/PostolkySpizni_2025-2-e1761685150852-1024x577.jpg?resize=350%2C200&ssl=1","width":350,"height":200,"srcset":"https:\/\/i0.wp.com\/tinnunculus.sy-sy.cz\/wp-content\/uploads\/2025\/10\/PostolkySpizni_2025-2-e1761685150852-1024x577.jpg?resize=350%2C200&ssl=1 1x, https:\/\/i0.wp.com\/tinnunculus.sy-sy.cz\/wp-content\/uploads\/2025\/10\/PostolkySpizni_2025-2-e1761685150852-1024x577.jpg?resize=525%2C300&ssl=1 1.5x"},"classes":[]},{"id":48120,"url":"https:\/\/tinnunculus.sy-sy.cz\/index.php\/2026\/04\/02\/za-oknem-nasi-kuchyne\/","url_meta":{"origin":12077,"position":3},"title":"Za oknem na\u0161\u00ed kuchyn\u011b","author":"Zuzana Syrov\u00e1 An\u00fd\u017eov\u00e1","date":"02\/04\/2026","format":false,"excerpt":"Aneb o tom, co se d\u011blo od 17. do 27. b\u0159ezna za oknem na\u0161\u00ed kuchyn\u011b.","rel":"","context":"V \u201e\"Na\u0161e\" po\u0161tolky\u201c","block_context":{"text":"\"Na\u0161e\" po\u0161tolky","link":"https:\/\/tinnunculus.sy-sy.cz\/index.php\/category\/nasi\/nase-postolky\/"},"img":{"alt_text":"","src":"https:\/\/i0.wp.com\/tinnunculus.sy-sy.cz\/wp-content\/uploads\/2026\/04\/20260320_DSCF0005_3u-e1775145729347.jpg?resize=350%2C200","width":350,"height":200,"srcset":"https:\/\/i0.wp.com\/tinnunculus.sy-sy.cz\/wp-content\/uploads\/2026\/04\/20260320_DSCF0005_3u-e1775145729347.jpg?resize=350%2C200 1x, https:\/\/i0.wp.com\/tinnunculus.sy-sy.cz\/wp-content\/uploads\/2026\/04\/20260320_DSCF0005_3u-e1775145729347.jpg?resize=525%2C300 1.5x, https:\/\/i0.wp.com\/tinnunculus.sy-sy.cz\/wp-content\/uploads\/2026\/04\/20260320_DSCF0005_3u-e1775145729347.jpg?resize=700%2C400 2x"},"classes":[]},{"id":7864,"url":"https:\/\/tinnunculus.sy-sy.cz\/index.php\/2019\/05\/12\/mladik-ze-sousedstvi\/","url_meta":{"origin":12077,"position":4},"title":"Mlad\u00edk ze sousedstv\u00ed","author":"Zuzana Syrov\u00e1 An\u00fd\u017eov\u00e1","date":"12\/05\/2019","format":false,"excerpt":"Aneb o jednom mlad\u00e9m same\u010dkovi, kter\u00fd pronikl do na\u0161\u00ed lod\u017eie, a o mlad\u00fdch po\u0161tolk\u00e1ch v\u016fbec. Tak\u00e9 o tom, \u017ee jsme alespo\u0144 provizorn\u011b sputili novou \"ror\u00fds\u00ed\" kameru.","rel":"","context":"V \u201e\"Na\u0161e\" po\u0161tolky\u201c","block_context":{"text":"\"Na\u0161e\" po\u0161tolky","link":"https:\/\/tinnunculus.sy-sy.cz\/index.php\/category\/nasi\/nase-postolky\/"},"img":{"alt_text":"","src":"https:\/\/i0.wp.com\/tinnunculus.sy-sy.cz\/wp-content\/uploads\/2019\/05\/20190511-0942317644.jpg?resize=350%2C200&ssl=1","width":350,"height":200,"srcset":"https:\/\/i0.wp.com\/tinnunculus.sy-sy.cz\/wp-content\/uploads\/2019\/05\/20190511-0942317644.jpg?resize=350%2C200&ssl=1 1x, https:\/\/i0.wp.com\/tinnunculus.sy-sy.cz\/wp-content\/uploads\/2019\/05\/20190511-0942317644.jpg?resize=525%2C300&ssl=1 1.5x"},"classes":[]},{"id":415,"url":"https:\/\/tinnunculus.sy-sy.cz\/index.php\/2017\/05\/26\/postolky-spizni\/","url_meta":{"origin":12077,"position":5},"title":"Po\u0161tolky spi\u017en\u00ed","author":"Zuzana Syrov\u00e1 An\u00fd\u017eov\u00e1","date":"26\/05\/2017","format":false,"excerpt":"Objevuj\u00ed se tu u\u017e \u0159adu let, v\u011bt\u0161inou po polovin\u011b kv\u011btna, a sna\u017e\u00ed se zahn\u00edzdit v otvoru po vypadl\u00e9m v\u011btr\u00e1ku kuchy\u0148sk\u00e9 sk\u0159\u00edn\u011b o dv\u011b patra n\u00ed\u017ee po n\u00e1mi. Ka\u017ed\u00fd rok jim slibujeme budku, ale je\u0161t\u011b jsme se k tomu nedostali... Leto\u0161n\u00ed spi\u017en\u00ed p\u00e1r (v pop\u0159ed\u00ed same\u010dek, v pozad\u00ed sami\u010dka) na atice\u2026","rel":"","context":"V \u201e\"Na\u0161e\" po\u0161tolky\u201c","block_context":{"text":"\"Na\u0161e\" po\u0161tolky","link":"https:\/\/tinnunculus.sy-sy.cz\/index.php\/category\/nasi\/nase-postolky\/"},"img":{"alt_text":"","src":"https:\/\/i0.wp.com\/tinnunculus.sy-sy.cz\/wp-content\/uploads\/2017\/05\/P1350331-1024x768.jpg?resize=350%2C200&ssl=1","width":350,"height":200,"srcset":"https:\/\/i0.wp.com\/tinnunculus.sy-sy.cz\/wp-content\/uploads\/2017\/05\/P1350331-1024x768.jpg?resize=350%2C200&ssl=1 1x, https:\/\/i0.wp.com\/tinnunculus.sy-sy.cz\/wp-content\/uploads\/2017\/05\/P1350331-1024x768.jpg?resize=525%2C300&ssl=1 1.5x"},"classes":[]}],"jetpack_sharing_enabled":true,"_links":{"self":[{"href":"https:\/\/tinnunculus.sy-sy.cz\/index.php\/wp-json\/wp\/v2\/posts\/12077","targetHints":{"allow":["GET"]}}],"collection":[{"href":"https:\/\/tinnunculus.sy-sy.cz\/index.php\/wp-json\/wp\/v2\/posts"}],"about":[{"href":"https:\/\/tinnunculus.sy-sy.cz\/index.php\/wp-json\/wp\/v2\/types\/post"}],"author":[{"embeddable":true,"href":"https:\/\/tinnunculus.sy-sy.cz\/index.php\/wp-json\/wp\/v2\/users\/2"}],"replies":[{"embeddable":true,"href":"https:\/\/tinnunculus.sy-sy.cz\/index.php\/wp-json\/wp\/v2\/comments?post=12077"}],"version-history":[{"count":1,"href":"https:\/\/tinnunculus.sy-sy.cz\/index.php\/wp-json\/wp\/v2\/posts\/12077\/revisions"}],"predecessor-version":[{"id":45348,"href":"https:\/\/tinnunculus.sy-sy.cz\/index.php\/wp-json\/wp\/v2\/posts\/12077\/revisions\/45348"}],"wp:attachment":[{"href":"https:\/\/tinnunculus.sy-sy.cz\/index.php\/wp-json\/wp\/v2\/media?parent=12077"}],"wp:term":[{"taxonomy":"category","embeddable":true,"href":"https:\/\/tinnunculus.sy-sy.cz\/index.php\/wp-json\/wp\/v2\/categories?post=12077"},{"taxonomy":"post_tag","embeddable":true,"href":"https:\/\/tinnunculus.sy-sy.cz\/index.php\/wp-json\/wp\/v2\/tags?post=12077"}],"curies":[{"name":"wp","href":"https:\/\/api.w.org\/{rel}","templated":true}]}}