{"id":11876,"date":"2020-04-01T23:53:45","date_gmt":"2020-04-01T21:53:45","guid":{"rendered":"https:\/\/tinnunculus.sy-sy.cz\/?p=11876"},"modified":"2026-03-21T08:23:14","modified_gmt":"2026-03-21T07:23:14","slug":"aprilova-domacnost","status":"publish","type":"post","link":"https:\/\/tinnunculus.sy-sy.cz\/index.php\/2020\/04\/01\/aprilova-domacnost\/","title":{"rendered":"Apr\u00edlov\u00e1 dom\u00e1cnost"},"content":{"rendered":"<p><img data-recalc-dims=\"1\" loading=\"lazy\" decoding=\"async\" data-attachment-id=\"11878\" data-permalink=\"https:\/\/tinnunculus.sy-sy.cz\/index.php\/2020\/04\/01\/aprilova-domacnost\/20200401-1834422399\/\" data-orig-file=\"https:\/\/i0.wp.com\/tinnunculus.sy-sy.cz\/wp-content\/uploads\/2020\/04\/20200401-1834422399-e1585776557123.jpg?fit=1038%2C584&amp;ssl=1\" data-orig-size=\"1038,584\" data-comments-opened=\"1\" data-image-meta=\"{&quot;aperture&quot;:&quot;0&quot;,&quot;credit&quot;:&quot;&quot;,&quot;camera&quot;:&quot;&quot;,&quot;caption&quot;:&quot;&quot;,&quot;created_timestamp&quot;:&quot;0&quot;,&quot;copyright&quot;:&quot;&quot;,&quot;focal_length&quot;:&quot;0&quot;,&quot;iso&quot;:&quot;0&quot;,&quot;shutter_speed&quot;:&quot;0&quot;,&quot;title&quot;:&quot;&quot;,&quot;orientation&quot;:&quot;0&quot;}\" data-image-title=\"20200401-1834422399\" data-image-description=\"\" data-image-caption=\"\" data-large-file=\"https:\/\/i0.wp.com\/tinnunculus.sy-sy.cz\/wp-content\/uploads\/2020\/04\/20200401-1834422399-e1585776557123.jpg?fit=525%2C295&amp;ssl=1\" class=\"aligncenter wp-image-11878 size-large\" src=\"https:\/\/i0.wp.com\/tinnunculus.sy-sy.cz\/wp-content\/uploads\/2020\/04\/20200401-1834422399.jpg?resize=525%2C295&#038;ssl=1\" alt=\"\" width=\"525\" height=\"295\" \/><\/p>\n<p>U\u017e od 1.&nbsp;dubna 2015 si tu p\u0159ipom\u00edn\u00e1me mezin\u00e1rodn\u00ed den ptactva slavn\u011b slaven\u00fd jako\u017eto v\u00fdro\u010dn\u00ed dne podpisu \u201eMezin\u00e1rodn\u00ed konvence o&nbsp;ochran\u011b u\u017eite\u010dn\u00e9ho ptactva\u201c v&nbsp;roce 1906 (viz <a href=\"https:\/\/tinnunculus.sy-sy.cz\/index.php\/2015\/04\/01\/menage-a-trois\/\">M\u00e9nage \u00e0 trois<\/a> a&nbsp;dal\u0161\u00ed p\u0159\u00edsp\u011bvky).\u00a0 Konvenci jsme si letos na\u0161li <a href=\"https:\/\/www.admin.ch\/opc\/fr\/classified-compilation\/19020002\/index.html\" target=\"_blank\" rel=\"noopener noreferrer\">zde<\/a> a&nbsp;ono to s&nbsp;t\u00edm tradovan\u00fdm mezin\u00e1rodn\u00edm dnem mo\u017en\u00e1 a\u017e tak hork\u00e9 nebude. Zato v&nbsp;na\u0161\u00ed lod\u017eii dnes op\u011bt i&nbsp;p\u0159es mraziv\u00e9 r\u00e1no n\u011bkolikr\u00e1t docela horko bylo. A&nbsp;po\u0161tol\u010d\u00ed m\u00e9nage \u00e0 trois z\u0159ejm\u011b opravdu k&nbsp;prvn\u00edmu apr\u00edlu pat\u0159\u00ed.<!--more--><\/p>\n<p>Pravideln\u011b na\u0161i lod\u017eii nav\u0161t\u011bvuj\u00edc\u00ed sousedka s&nbsp;hn\u011bd\u00fdm oc\u00e1skem se zjevn\u011b den ode dne v\u00edce sna\u017e\u00ed s&nbsp;dom\u00e1c\u00edm p\u00e1rem sp\u0159\u00e1telit. Z&nbsp;jejich roz\u010dilen\u00e9ho hudrov\u00e1n\u00ed, hrben\u00ed, je\u017een\u00ed a&nbsp;poskakov\u00e1n\u00ed si zjevn\u011b nic ned\u011bl\u00e1. A&nbsp;dom\u00e1c\u00edm se, kdy\u017e p\u0159\u00edli\u0161 neprovokuje, tak\u00e9 do po\u0159\u00e1dn\u00e9 pranice nechce.<\/p>\n<p>Takto vypadala jej\u00ed dne\u0161n\u00ed podve\u010dern\u00ed n\u00e1v\u0161t\u011bva:<\/p>\n<div style=\"width: 525px;\" class=\"wp-video\"><video class=\"wp-video-shortcode\" id=\"video-11876-1\" width=\"525\" height=\"295\" preload=\"metadata\" controls=\"controls\"><source type=\"video\/mp4\" src=\"https:\/\/tinnunculus.sy-sy.cz\/wp-content\/uploads\/2020\/04\/20200401-182624_183135.mp4?_=1\" \/><a href=\"https:\/\/tinnunculus.sy-sy.cz\/wp-content\/uploads\/2020\/04\/20200401-182624_183135.mp4\">https:\/\/tinnunculus.sy-sy.cz\/wp-content\/uploads\/2020\/04\/20200401-182624_183135.mp4<\/a><\/video><\/div>\n<ul>\n<li><a href=\"https:\/\/www.admin.ch\/opc\/fr\/classified-compilation\/19020002\/index.html\" target=\"_blank\" rel=\"noopener noreferrer\">Convention pour la protection des oiseaux utiles \u00e0 l\u2019agriculture<\/a><\/li>\n<\/ul>\n","protected":false},"excerpt":{"rendered":"<p>Aneb o&nbsp;tom, jak to letos na prvn\u00edho apr\u00edla vypadalo v&nbsp;na\u0161\u00ed lod\u017eii a&nbsp;tak\u00e9 o&nbsp;tom, jak se vyv\u00edjej\u00ed sousedsk\u00e9 vztahy na\u0161ich po\u0161tolek s&nbsp;po\u0161tolkou, co se s&nbsp;nimi vytrvale sna\u017e\u00ed skamar\u00e1dit.<\/p>\n","protected":false},"author":2,"featured_media":0,"comment_status":"open","ping_status":"open","sticky":false,"template":"","format":"standard","meta":{"jetpack_post_was_ever_published":false,"_jetpack_newsletter_access":"","_jetpack_dont_email_post_to_subs":false,"_jetpack_newsletter_tier_id":0,"_jetpack_memberships_contains_paywalled_content":false,"_jetpack_memberships_contains_paid_content":false,"footnotes":""},"categories":[147,142,116,870,105,110,1596,307,108],"tags":[735,1114,90,91,72,9,10,33],"class_list":["post-11876","post","type-post","status-publish","format-standard","hentry","category-nase-postolky","category-dravec","category-nasi","category-nasi-sousede-postolky","category-postolka","category-postolka-obecna","category-postolky-z-nasi-lodzie","category-ptaci","category-ostatni-zvirena","tag-735","tag-den-ptactva","tag-ps_96","tag-ps_95","tag-ps_91","tag-ps_24","tag-ps_41","tag-ps_21"],"jetpack_featured_media_url":"","jetpack_shortlink":"https:\/\/wp.me\/p91gKE-35y","jetpack-related-posts":[{"id":304,"url":"https:\/\/tinnunculus.sy-sy.cz\/index.php\/2016\/04\/01\/neni-to-april\/","url_meta":{"origin":11876,"position":0},"title":"Nen\u00ed to apr\u00edl","author":"Zuzana Syrov\u00e1 An\u00fd\u017eov\u00e1","date":"01\/04\/2016","format":false,"excerpt":"Dne\u0161n\u00ed den byl 110. mezin\u00e1rodn\u00edm dnem ptactva. Slav\u00ed se ve v\u00fdro\u010dn\u00ed den podpisu\u00a0 \u201eMezin\u00e1rodn\u00ed konvence o ochran\u011b u\u017eite\u010dn\u00e9ho ptactva\u201c od roku 1906. A taky m\u011bl b\u00fdti spr\u00e1vn\u011b dnem apr\u00edlov\u00fdch \u017eert\u00edk\u016f, i kdy\u017e le\u0161en\u00ed, kter\u00e9 v\u010dera vyrostlo p\u0159ed oknem na\u0161\u00ed lo\u017enice, za n\u011b zrovna nepova\u017eujeme. Se dnem ptactva pak m\u011blo spole\u010dn\u00e9ho\u2026","rel":"","context":"V \u201e\"Na\u0161e\" po\u0161tolky\u201c","block_context":{"text":"\"Na\u0161e\" po\u0161tolky","link":"https:\/\/tinnunculus.sy-sy.cz\/index.php\/category\/nasi\/nase-postolky\/"},"img":{"alt_text":"","src":"https:\/\/i0.wp.com\/tinnunculus.sy-sy.cz\/wp-content\/uploads\/2016\/04\/20160401_08-05-05-1024x640.jpg?resize=350%2C200&ssl=1","width":350,"height":200,"srcset":"https:\/\/i0.wp.com\/tinnunculus.sy-sy.cz\/wp-content\/uploads\/2016\/04\/20160401_08-05-05-1024x640.jpg?resize=350%2C200&ssl=1 1x, https:\/\/i0.wp.com\/tinnunculus.sy-sy.cz\/wp-content\/uploads\/2016\/04\/20160401_08-05-05-1024x640.jpg?resize=525%2C300&ssl=1 1.5x"},"classes":[]},{"id":187,"url":"https:\/\/tinnunculus.sy-sy.cz\/index.php\/2015\/04\/01\/menage-a-trois\/","url_meta":{"origin":11876,"position":1},"title":"M\u00e9nage \u00e0 trois","author":"Zuzana Syrov\u00e1 An\u00fd\u017eov\u00e1","date":"01\/04\/2015","format":false,"excerpt":"Prvn\u00ed duben jest od roku 1906 mezin\u00e1rodn\u00edm dnem ptactva. Slav\u00ed se ve v\u00fdro\u010dn\u00ed den podpisu\u00a0 \u201eMezin\u00e1rodn\u00ed konvence o ochran\u011b u\u017eite\u010dn\u00e9ho ptactva\u201c. Pt\u00e1k\u016f se ostatn\u011b t\u00fdkala v\u016fbec prvn\u00ed mezin\u00e1rodn\u00ed \u00famluva s enviroment\u00e1ln\u00edm zam\u011b\u0159en\u00edm, tzv. \u201e\u00damluva na ochranu ptactva pro zem\u011bd\u011blstv\u00ed u\u017eite\u010dn\u00e9ho\u201c, uzav\u0159en\u00e1 19. b\u0159ezna 1902 v Pa\u0159\u00ed\u017ei. \u010ceskoslovensk\u00e1 republika k n\u00ed\u2026","rel":"","context":"V \u201ePo\u0161tolka\u201c","block_context":{"text":"Po\u0161tolka","link":"https:\/\/tinnunculus.sy-sy.cz\/index.php\/category\/ostatni-zvirena\/ptaci\/dravec\/postolka\/"},"img":{"alt_text":"","src":"https:\/\/i0.wp.com\/tinnunculus.sy-sy.cz\/wp-content\/uploads\/2015\/04\/Kobylisy_2013b-1024x688.jpg?resize=350%2C200&ssl=1","width":350,"height":200,"srcset":"https:\/\/i0.wp.com\/tinnunculus.sy-sy.cz\/wp-content\/uploads\/2015\/04\/Kobylisy_2013b-1024x688.jpg?resize=350%2C200&ssl=1 1x, https:\/\/i0.wp.com\/tinnunculus.sy-sy.cz\/wp-content\/uploads\/2015\/04\/Kobylisy_2013b-1024x688.jpg?resize=525%2C300&ssl=1 1.5x"},"classes":[]},{"id":15183,"url":"https:\/\/tinnunculus.sy-sy.cz\/index.php\/2021\/04\/01\/vhodny-darek-ke-dni-ptactva\/","url_meta":{"origin":11876,"position":2},"title":"Vhodn\u00fd d\u00e1rek ke dni ptactva","author":"Zuzana Syrov\u00e1 An\u00fd\u017eov\u00e1","date":"01\/04\/2021","format":false,"excerpt":"Aneb o tom, jak \"na\u0161e\" po\u0161tolky slavily den ptactva.","rel":"","context":"V \u201e\"Na\u0161e\" po\u0161tolky\u201c","block_context":{"text":"\"Na\u0161e\" po\u0161tolky","link":"https:\/\/tinnunculus.sy-sy.cz\/index.php\/category\/nasi\/nase-postolky\/"},"img":{"alt_text":"","src":"https:\/\/i0.wp.com\/tinnunculus.sy-sy.cz\/wp-content\/uploads\/2021\/04\/20210401-0707093999-1024x576.jpg?resize=350%2C200&ssl=1","width":350,"height":200,"srcset":"https:\/\/i0.wp.com\/tinnunculus.sy-sy.cz\/wp-content\/uploads\/2021\/04\/20210401-0707093999-1024x576.jpg?resize=350%2C200&ssl=1 1x, https:\/\/i0.wp.com\/tinnunculus.sy-sy.cz\/wp-content\/uploads\/2021\/04\/20210401-0707093999-1024x576.jpg?resize=525%2C300&ssl=1 1.5x"},"classes":[]},{"id":21222,"url":"https:\/\/tinnunculus.sy-sy.cz\/index.php\/2023\/04\/01\/den-ptactva-podle-postolek\/","url_meta":{"origin":11876,"position":3},"title":"Den ptactva podle po\u0161tolek","author":"Zuzana Syrov\u00e1 An\u00fd\u017eov\u00e1","date":"01\/04\/2023","format":false,"excerpt":"Aneb o dni ptactva a o tom, jak ho str\u00e1vily \"na\u0161e\" po\u0161tolky.","rel":"","context":"V \u201e\"Na\u0161e\" po\u0161tolky\u201c","block_context":{"text":"\"Na\u0161e\" po\u0161tolky","link":"https:\/\/tinnunculus.sy-sy.cz\/index.php\/category\/nasi\/nase-postolky\/"},"img":{"alt_text":"","src":"https:\/\/i0.wp.com\/tinnunculus.sy-sy.cz\/wp-content\/uploads\/2023\/04\/2023-04-01-1512335395-e1680381061274.jpg?resize=350%2C200&ssl=1","width":350,"height":200,"srcset":"https:\/\/i0.wp.com\/tinnunculus.sy-sy.cz\/wp-content\/uploads\/2023\/04\/2023-04-01-1512335395-e1680381061274.jpg?resize=350%2C200&ssl=1 1x, https:\/\/i0.wp.com\/tinnunculus.sy-sy.cz\/wp-content\/uploads\/2023\/04\/2023-04-01-1512335395-e1680381061274.jpg?resize=525%2C300&ssl=1 1.5x, https:\/\/i0.wp.com\/tinnunculus.sy-sy.cz\/wp-content\/uploads\/2023\/04\/2023-04-01-1512335395-e1680381061274.jpg?resize=700%2C400&ssl=1 2x"},"classes":[]},{"id":4525,"url":"https:\/\/tinnunculus.sy-sy.cz\/index.php\/2018\/04\/04\/aprilove-ptactvo\/","url_meta":{"origin":11876,"position":4},"title":"Apr\u00edlov\u00e9 ptactvo","author":"Zuzana Syrov\u00e1 An\u00fd\u017eov\u00e1","date":"04\/04\/2018","format":false,"excerpt":"Ka\u017edoro\u010dn\u011b zde p\u0159ipom\u00edn\u00e1me v\u00edcem\u00e9n\u011b obecn\u011b zn\u00e1m\u00fd fakt, \u017ee na prvn\u00edho dubna p\u0159ipad\u00e1 mezin\u00e1rodn\u00ed den ptactva. Letos jsme d\u00edky tomu, \u017ee z\u00e1rove\u0148 byly velikonoce, m\u011bli mo\u017enost pozorovat \u010dasn\u011b apr\u00edlov\u00e9 ptactvo na n\u011bkolika v\u00fdjezdech za architekturou do ter\u00e9nu. Po\u0161tolky jsme zastihli na v\u011b\u017e\u00edch z\u00e1meck\u00fdch i kosteln\u00edch v \u010cern\u00e9, Poln\u00e9 a Havl\u00ed\u010dkov\u011b Brod\u011b,\u2026","rel":"","context":"V \u201e\u010c\u00e1p\u201c","block_context":{"text":"\u010c\u00e1p","link":"https:\/\/tinnunculus.sy-sy.cz\/index.php\/category\/ostatni-zvirena\/ptaci\/cap\/"},"img":{"alt_text":"","src":"https:\/\/i0.wp.com\/tinnunculus.sy-sy.cz\/wp-content\/uploads\/2018\/04\/DSC_3295u-1024x632.jpg?resize=350%2C200&ssl=1","width":350,"height":200,"srcset":"https:\/\/i0.wp.com\/tinnunculus.sy-sy.cz\/wp-content\/uploads\/2018\/04\/DSC_3295u-1024x632.jpg?resize=350%2C200&ssl=1 1x, https:\/\/i0.wp.com\/tinnunculus.sy-sy.cz\/wp-content\/uploads\/2018\/04\/DSC_3295u-1024x632.jpg?resize=525%2C300&ssl=1 1.5x"},"classes":[]},{"id":388,"url":"https:\/\/tinnunculus.sy-sy.cz\/index.php\/2017\/04\/02\/happy-bird-day\/","url_meta":{"origin":11876,"position":5},"title":"Happy bird day","author":"Zuzana Syrov\u00e1 An\u00fd\u017eov\u00e1","date":"02\/04\/2017","format":false,"excerpt":"Na prvn\u00edho dubna, jak mo\u017en\u00e1 je\u0161t\u011b ne v\u0161eobecn\u011b zn\u00e1mo, p\u0159ipad\u00e1 mezin\u00e1rodn\u00ed den ptactva. Na\u0161e po\u0161tolky ho oslavili tradi\u010dn\u011b: Prakticky cel\u00e9 dopoledne se v\u011bnovaly \u010dinnostem nezbytn\u00fdm pro zalo\u017een\u00ed hn\u00edzda. Zd\u00e1 se, \u017ee star\u00e9 hn\u00edzdo v kout\u011b za sk\u0159\u00ed\u0148kou opravdu u\u017e nen\u00ed to prav\u00e9 a nast\u00e1v\u00e1 nov\u00e1 \u00e9ra hn\u00edzd\u011bn\u00ed pod bid\u00fdlky u\u2026","rel":"","context":"V \u201e\"Na\u0161e\" po\u0161tolky\u201c","block_context":{"text":"\"Na\u0161e\" po\u0161tolky","link":"https:\/\/tinnunculus.sy-sy.cz\/index.php\/category\/nasi\/nase-postolky\/"},"img":{"alt_text":"","src":"https:\/\/i0.wp.com\/tinnunculus.sy-sy.cz\/wp-content\/uploads\/2017\/04\/20170401_08-44-00-1024x640.jpg?resize=350%2C200&ssl=1","width":350,"height":200,"srcset":"https:\/\/i0.wp.com\/tinnunculus.sy-sy.cz\/wp-content\/uploads\/2017\/04\/20170401_08-44-00-1024x640.jpg?resize=350%2C200&ssl=1 1x, https:\/\/i0.wp.com\/tinnunculus.sy-sy.cz\/wp-content\/uploads\/2017\/04\/20170401_08-44-00-1024x640.jpg?resize=525%2C300&ssl=1 1.5x"},"classes":[]}],"jetpack_sharing_enabled":true,"_links":{"self":[{"href":"https:\/\/tinnunculus.sy-sy.cz\/index.php\/wp-json\/wp\/v2\/posts\/11876","targetHints":{"allow":["GET"]}}],"collection":[{"href":"https:\/\/tinnunculus.sy-sy.cz\/index.php\/wp-json\/wp\/v2\/posts"}],"about":[{"href":"https:\/\/tinnunculus.sy-sy.cz\/index.php\/wp-json\/wp\/v2\/types\/post"}],"author":[{"embeddable":true,"href":"https:\/\/tinnunculus.sy-sy.cz\/index.php\/wp-json\/wp\/v2\/users\/2"}],"replies":[{"embeddable":true,"href":"https:\/\/tinnunculus.sy-sy.cz\/index.php\/wp-json\/wp\/v2\/comments?post=11876"}],"version-history":[{"count":3,"href":"https:\/\/tinnunculus.sy-sy.cz\/index.php\/wp-json\/wp\/v2\/posts\/11876\/revisions"}],"predecessor-version":[{"id":28694,"href":"https:\/\/tinnunculus.sy-sy.cz\/index.php\/wp-json\/wp\/v2\/posts\/11876\/revisions\/28694"}],"wp:attachment":[{"href":"https:\/\/tinnunculus.sy-sy.cz\/index.php\/wp-json\/wp\/v2\/media?parent=11876"}],"wp:term":[{"taxonomy":"category","embeddable":true,"href":"https:\/\/tinnunculus.sy-sy.cz\/index.php\/wp-json\/wp\/v2\/categories?post=11876"},{"taxonomy":"post_tag","embeddable":true,"href":"https:\/\/tinnunculus.sy-sy.cz\/index.php\/wp-json\/wp\/v2\/tags?post=11876"}],"curies":[{"name":"wp","href":"https:\/\/api.w.org\/{rel}","templated":true}]}}