{"id":10253,"date":"2020-01-12T11:22:15","date_gmt":"2020-01-12T10:22:15","guid":{"rendered":"http:\/\/tinnunculus.sy-sy.cz\/?p=10253"},"modified":"2026-03-21T08:23:59","modified_gmt":"2026-03-21T07:23:59","slug":"take-pocitate","status":"publish","type":"post","link":"https:\/\/tinnunculus.sy-sy.cz\/index.php\/2020\/01\/12\/take-pocitate\/","title":{"rendered":"Tak\u00e9 po\u010d\u00edt\u00e1te?"},"content":{"rendered":"<p><img data-recalc-dims=\"1\" loading=\"lazy\" decoding=\"async\" data-attachment-id=\"10252\" data-permalink=\"https:\/\/tinnunculus.sy-sy.cz\/index.php\/2020\/01\/12\/take-pocitate\/bird-20200111\/\" data-orig-file=\"https:\/\/i0.wp.com\/tinnunculus.sy-sy.cz\/wp-content\/uploads\/2020\/01\/bird-20200111.jpg?fit=793%2C340&amp;ssl=1\" data-orig-size=\"793,340\" data-comments-opened=\"1\" data-image-meta=\"{&quot;aperture&quot;:&quot;5.6&quot;,&quot;credit&quot;:&quot;&quot;,&quot;camera&quot;:&quot;Canon EOS 400D DIGITAL&quot;,&quot;caption&quot;:&quot;&quot;,&quot;created_timestamp&quot;:&quot;0&quot;,&quot;copyright&quot;:&quot;&quot;,&quot;focal_length&quot;:&quot;250&quot;,&quot;iso&quot;:&quot;100&quot;,&quot;shutter_speed&quot;:&quot;0.1&quot;,&quot;title&quot;:&quot;&quot;,&quot;orientation&quot;:&quot;0&quot;}\" data-image-title=\"bird-20200111\" data-image-description=\"\" data-image-caption=\"\" data-large-file=\"https:\/\/i0.wp.com\/tinnunculus.sy-sy.cz\/wp-content\/uploads\/2020\/01\/bird-20200111.jpg?fit=525%2C225&amp;ssl=1\" class=\"aligncenter wp-image-10252 size-full\" src=\"https:\/\/i0.wp.com\/tinnunculus.sy-sy.cz\/wp-content\/uploads\/2020\/01\/bird-20200111.jpg?resize=525%2C225&#038;ssl=1\" alt=\"\" width=\"525\" height=\"225\" srcset=\"https:\/\/i0.wp.com\/tinnunculus.sy-sy.cz\/wp-content\/uploads\/2020\/01\/bird-20200111.jpg?w=793&amp;ssl=1 793w, https:\/\/i0.wp.com\/tinnunculus.sy-sy.cz\/wp-content\/uploads\/2020\/01\/bird-20200111.jpg?resize=300%2C129&amp;ssl=1 300w, https:\/\/i0.wp.com\/tinnunculus.sy-sy.cz\/wp-content\/uploads\/2020\/01\/bird-20200111.jpg?resize=768%2C329&amp;ssl=1 768w\" sizes=\"auto, (max-width: 767px) 89vw, (max-width: 1000px) 54vw, (max-width: 1071px) 543px, 580px\" \/><\/p>\n<p style=\"text-align: left;\">Od p\u00e1tku 10.&nbsp;ledna do ned\u011ble 12.&nbsp;ledna prob\u00edh\u00e1 v&nbsp;\u010cR akce Pta\u010d\u00ed hodinka. Po\u0159\u00e1d\u00e1 ji u\u017e druh\u00fdm rokem \u010cesk\u00e1 spole\u010dnost ornitologick\u00e1, na jej\u00edch\u017e str\u00e1nk\u00e1ch se dozv\u00edte <a href=\"https:\/\/ptacihodinka.birdlife.cz\/\" target=\"_blank\" rel=\"noopener noreferrer\">v\u00edce<\/a>.<!--more--><\/p>\n<a href=\"https:\/\/tinnunculus.sy-sy.cz\/wp-content\/uploads\/2020\/01\/plakat-410x292-mm-hodinka-hometisk150.pdf\" class=\"pdfemb-viewer\" style=\"\" data-width=\"max\" data-height=\"max\" data-toolbar=\"bottom\" data-toolbar-fixed=\"off\">plakat-410x292-mm-hodinka-hometisk150<\/a>\n<ul>\n<li><em><a href=\"https:\/\/tinnunculus.sy-sy.cz\/wp-content\/uploads\/2020\/01\/plakat-410x292-mm-hodinka-hometisk150.pdf\" target=\"_blank\" rel=\"noopener noreferrer\">Plak\u00e1t \u010cSO s&nbsp;nej\u010dast\u011bj\u0161\u00edmi pta\u010d\u00edmi hosty a&nbsp;n\u00e1vodem, jak pt\u00e1ky v&nbsp;zim\u011b krmit a&nbsp;jak s\u010d\u00edtat Pta\u010d\u00ed hodinku<\/a><\/em><\/li>\n<\/ul>\n<p>I my po\u010d\u00edt\u00e1me, v\u010dera jsme dos\u00e1hli v&nbsp;jedn\u00e9 hodince maxim\u00e1ln\u00edho po\u010dtu n\u00e1v\u0161t\u011bvn\u00edk\u016f v&nbsp;na\u0161\u00ed lod\u017eii. Tedy maxim\u00e1ln\u00edho b\u011bhem t\u011bchto t\u0159\u00ed s\u010d\u00edtac\u00edch dn\u00ed:\u00a0 dv\u011b po\u0161tolky plus obvykl\u00e1 drobotina (dv\u011b s\u00fdkory ko\u0148adry, jedna mod\u0159inka a&nbsp;s&nbsp;nimi jejich v\u011brn\u00fd pr\u016fvodce brhl\u00edk).\u00a0 Kousek d\u00e1l u&nbsp;p\u0159ehrady jsme pak vid\u011bli je\u0161t\u011b \u010dervenku. (Pou\u017eit\u00fd sn\u00edmek je \u010dist\u011b ilustra\u010dn\u00ed, proto\u017ee jsme ji duchap\u0159\u00edtomn\u011b nestihli vyfotit.)<\/p>\n<p>P\u0159i tro\u0161e \u0161t\u011bst\u00ed se snad dnes do\u010dk\u00e1me je\u0161t\u011b n\u011bjak\u00e9 m\u00e9n\u011b obvykl\u00e9ho n\u00e1v\u0161t\u011bvn\u00edka. Ale to v\u00edte, p\u0159\u00edtomnost po\u0161tolek a&nbsp;to, \u017ee drobotin\u011b zrovna nepodstrojujeme, velk\u00fd po\u010det n\u00e1v\u0161t\u011bvn\u00edk\u016f zrovna nel\u00e1k\u00e1.<\/p>\n<p>V\u00fdsledky s\u010d\u00edt\u00e1n\u00ed m\u016f\u017eete pr\u016fb\u011b\u017en\u011b sledovat <a href=\"https:\/\/ptacihodinka.birdlife.cz\/vysledky\/\" target=\"_blank\" rel=\"noopener noreferrer\">zde<\/a>. Vypad\u00e1 to, \u017ee letos zase vyhraje s\u00fdkora ko\u0148adra.\u00a0 Akce prob\u00edh\u00e1 paraleln\u011b ve stejn\u00fdch dnech v&nbsp;Bavorsku (<a href=\"https:\/\/www.stunde-der-wintervoegel.de\/#\/observe\" target=\"_blank\" rel=\"noopener noreferrer\">Stunde der Winterv\u00f6gel in Bayern 2020<\/a>), kde vloni zv\u00edt\u011bzil vrabec poln\u00ed.\u00a0 Podobn\u011b s\u010d\u00edtaj\u00ed pt\u00e1ky stovky tis\u00edc lid\u00ed v&nbsp;USA (<a href=\"https:\/\/www.audubon.org\/conservation\/join-christmas-bird-count\" target=\"_blank\" rel=\"noopener noreferrer\">Audubon Society\u2019s Christmas bird census<\/a>), Kanad\u011b (<a href=\"https:\/\/feederwatch.org\/\" target=\"_blank\" rel=\"noopener noreferrer\">FeederWatch<\/a>), Velk\u00e9 Brit\u00e1nii (<a href=\"https:\/\/www.rspb.org.uk\/whats-happening\/big-garden-birdwatch\" target=\"_blank\" rel=\"noopener noreferrer\">Big garden birdwatch<\/a>), Irsku (<a href=\"https:\/\/birdwatchireland.ie\/our-work\/surveys-research\/research-surveys\/irish-garden-bird-survey\/\" target=\"_blank\" rel=\"noopener noreferrer\">Irish garden bird survey<\/a>), Nizozemsku (<a href=\"https:\/\/www.tuinvogeltelling.nl\/\" target=\"_blank\" rel=\"noopener noreferrer\">De Nationale Tuinvogeltelling<\/a>), Rakousku (<a href=\"https:\/\/www.birdlife.at\/vogelschutz\/citizen-science\/stunde-der-wintervoegel\/\" target=\"_blank\" rel=\"noopener noreferrer\">Stunde der Winterv\u00f6gel<\/a>), N\u011bmecku (<a href=\"https:\/\/www.nabu.de\/tiere-und-pflanzen\/aktionen-und-projekte\/stunde-der-wintervoegel\/\" target=\"_blank\" rel=\"noopener noreferrer\">Stunde der Winterv\u00f6gel<\/a>), Polsku (<a href=\"https:\/\/otop.org.pl\/zimowe-ptakoliczenie\/\" target=\"_blank\" rel=\"noopener noreferrer\">Zimowe Ptakoliczenie<\/a>) Francii (<a href=\"https:\/\/www.oiseauxdesjardins.fr\/index.php?m_id=1127&amp;item=18\" target=\"_blank\" rel=\"noopener noreferrer\">Comptage national des oiseaux des jardins<\/a>), u&nbsp;na\u0161ich soused\u016f na Slovensku (<a href=\"https:\/\/vtaky.sk\/stranka\/229-Array.html\" target=\"_blank\" rel=\"noopener noreferrer\">S\u010d\u00edtanie vt\u00e1ctva na zimn\u00fdch k\u0155midl\u00e1ch<\/a>)\u00a0 a&nbsp;v&nbsp;dal\u0161\u00edch zem\u00edch. S\u010d\u00edt\u00e1n\u00ed organizovan\u00e9 Aubodon Society se poprv\u00e9 konalo ji\u017e v&nbsp;roce 1900 (v\u00edce se dozv\u00edte nap\u0159.&nbsp;v&nbsp;\u010dl\u00e1nku National Geographic <a href=\"https:\/\/www.nationalgeographic.com\/magazine\/2017\/12\/three-questions-geoffrey-lebaron-national-audubon-society-christmas-bird-count\/\" target=\"_blank\" rel=\"noopener noreferrer\">This Bird-Lovers Society Has a&nbsp;Special Christmas Tradition<\/a>).<\/p>\n<p>Krom\u011b akc\u00ed n\u00e1rodn\u00edch jsou i&nbsp;celosv\u011btov\u00e9:\u00a0 14.\u201317.&nbsp;\u00fanora 2020 se kon\u00e1 <a href=\"https:\/\/www.birdcount.org\/about\/\" target=\"_blank\" rel=\"noopener noreferrer\">The Great Backyard Count<\/a>.<\/p>\n","protected":false},"excerpt":{"rendered":"<p>Aneb n\u011bco o&nbsp;Pta\u010d\u00ed hodince a&nbsp;dal\u0161\u00edch obdobn\u00fdch akc\u00edch, a&nbsp;tak\u00e9 o&nbsp;tom, \u010deho (nebo sp\u00ed\u0161 koho) jsme se dopo\u010d\u00edtali u&nbsp;n\u00e1s.<\/p>\n","protected":false},"author":2,"featured_media":0,"comment_status":"open","ping_status":"open","sticky":false,"template":"","format":"standard","meta":{"jetpack_post_was_ever_published":false,"_jetpack_newsletter_access":"","_jetpack_dont_email_post_to_subs":false,"_jetpack_newsletter_tier_id":0,"_jetpack_memberships_contains_paywalled_content":false,"_jetpack_memberships_contains_paid_content":false,"footnotes":""},"categories":[147,193,850,116,836,824,110,1596,307,121],"tags":[770,768,25],"class_list":["post-10253","post","type-post","status-publish","format-standard","hentry","category-nase-postolky","category-brhlik","category-cervenka","category-nasi","category-nasi-sousede-brhlici","category-nasi-sousede-sykorky","category-postolka-obecna","category-postolky-z-nasi-lodzie","category-ptaci","category-sykorka","tag-great-backyard-count","tag-ptaci-hodinka","tag-ps_107"],"jetpack_featured_media_url":"","jetpack_shortlink":"https:\/\/wp.me\/p91gKE-2Fn","jetpack-related-posts":[{"id":17618,"url":"https:\/\/tinnunculus.sy-sy.cz\/index.php\/2022\/01\/06\/ptaci-hodinka\/","url_meta":{"origin":10253,"position":0},"title":"Pta\u010d\u00ed hodinka","author":"Zuzana Syrov\u00e1 An\u00fd\u017eov\u00e1","date":"06\/01\/2022","format":false,"excerpt":"Aneb upozorn\u011bn\u00ed na leto\u0161n\u00ed s\u010d\u00edt\u00e1n\u00ed pt\u00e1k\u016f.","rel":"","context":"V \u201eN\u00e1jemn\u00edci a n\u00e1v\u0161t\u011bvn\u00edci\u201c","block_context":{"text":"N\u00e1jemn\u00edci a n\u00e1v\u0161t\u011bvn\u00edci","link":"https:\/\/tinnunculus.sy-sy.cz\/index.php\/category\/nasi\/"},"img":{"alt_text":"","src":"https:\/\/i0.wp.com\/tinnunculus.sy-sy.cz\/wp-content\/uploads\/2022\/01\/DSCN6818-1024x768.jpg?resize=350%2C200&ssl=1","width":350,"height":200,"srcset":"https:\/\/i0.wp.com\/tinnunculus.sy-sy.cz\/wp-content\/uploads\/2022\/01\/DSCN6818-1024x768.jpg?resize=350%2C200&ssl=1 1x, https:\/\/i0.wp.com\/tinnunculus.sy-sy.cz\/wp-content\/uploads\/2022\/01\/DSCN6818-1024x768.jpg?resize=525%2C300&ssl=1 1.5x"},"classes":[]},{"id":20459,"url":"https:\/\/tinnunculus.sy-sy.cz\/index.php\/2023\/01\/06\/krtmitka-na-tri-krale\/","url_meta":{"origin":10253,"position":1},"title":"Krm\u00edtka na T\u0159i kr\u00e1le","author":"Zuzana Syrov\u00e1 An\u00fd\u017eov\u00e1","date":"06\/01\/2023","format":false,"excerpt":"Aneb o Pta\u010d\u00ed hodince a pta\u010d\u00edch t\u0159ech kr\u00e1l\u00edch.","rel":"","context":"V \u201eKr\u00e1l\u00ed\u010dek\u201c","block_context":{"text":"Kr\u00e1l\u00ed\u010dek","link":"https:\/\/tinnunculus.sy-sy.cz\/index.php\/category\/ostatni-zvirena\/ptaci\/kralicek\/"},"img":{"alt_text":"","src":"https:\/\/i0.wp.com\/tinnunculus.sy-sy.cz\/wp-content\/uploads\/2023\/01\/Regulus_regulus._John_Gould-scaled-e1673015051874-1024x601.jpg?resize=350%2C200&ssl=1","width":350,"height":200,"srcset":"https:\/\/i0.wp.com\/tinnunculus.sy-sy.cz\/wp-content\/uploads\/2023\/01\/Regulus_regulus._John_Gould-scaled-e1673015051874-1024x601.jpg?resize=350%2C200&ssl=1 1x, https:\/\/i0.wp.com\/tinnunculus.sy-sy.cz\/wp-content\/uploads\/2023\/01\/Regulus_regulus._John_Gould-scaled-e1673015051874-1024x601.jpg?resize=525%2C300&ssl=1 1.5x"},"classes":[]},{"id":13037,"url":"https:\/\/tinnunculus.sy-sy.cz\/index.php\/2020\/06\/13\/postolcata-v-kosi-nekonci\/","url_meta":{"origin":10253,"position":2},"title":"Po\u0161tol\u010data v&nbsp;ko\u0161i nekon\u010d\u00ed","author":"Zuzana Syrov\u00e1 An\u00fd\u017eov\u00e1","date":"13\/06\/2020","format":false,"excerpt":"Aneb o tom, jak se leos prvn\u00ed po\u0161tol\u010de odv\u00e1\u017en\u011b pustilo na v\u00fdzkum ko\u0161e vedle hn\u00edzda.","rel":"","context":"V \u201e\"Na\u0161e\" po\u0161tolky\u201c","block_context":{"text":"\"Na\u0161e\" po\u0161tolky","link":"https:\/\/tinnunculus.sy-sy.cz\/index.php\/category\/nasi\/nase-postolky\/"},"img":{"alt_text":"","src":"https:\/\/i0.wp.com\/tinnunculus.sy-sy.cz\/wp-content\/uploads\/2020\/06\/20200613-1700429952uprav-1024x576.jpg?resize=350%2C200&ssl=1","width":350,"height":200,"srcset":"https:\/\/i0.wp.com\/tinnunculus.sy-sy.cz\/wp-content\/uploads\/2020\/06\/20200613-1700429952uprav-1024x576.jpg?resize=350%2C200&ssl=1 1x, https:\/\/i0.wp.com\/tinnunculus.sy-sy.cz\/wp-content\/uploads\/2020\/06\/20200613-1700429952uprav-1024x576.jpg?resize=525%2C300&ssl=1 1.5x"},"classes":[]},{"id":2141,"url":"https:\/\/tinnunculus.sy-sy.cz\/index.php\/2017\/10\/12\/brhlik\/","url_meta":{"origin":10253,"position":3},"title":"Brhl\u00edk","author":"Zuzana Syrov\u00e1 An\u00fd\u017eov\u00e1","date":"12\/10\/2017","format":false,"excerpt":"U\u017e n\u011bkolik dn\u00ed n\u00e1s nav\u0161t\u011bvuje spolu s men\u0161\u00ed tlupou s\u00fdkorek.\u00a0 Tak jako ony\u00a0 prozkoum\u00e1v\u00e1 \u00fapln\u011b v\u0161echno od star\u00e9ho po\u0161tol\u010d\u00edho hn\u00edzda po bid\u00fdlka a zase zp\u011bt.\u00a0 V\u010dera jsme ho nachytali, jak vyl\u00e9t\u00e1v\u00e1 z ror\u00fdsovn\u00edku,\u00a0 kter\u00fd se zjevn\u011b t\u011b\u0161\u00ed pozornosti cel\u00e9 bandy. V akci vyhl\u00ed\u017e\u00ed takto: Je to n\u00e1\u0161 star\u00fd zn\u00e1m\u00fd, kter\u00fd\u2026","rel":"","context":"V \u201eBrhl\u00edk\u201c","block_context":{"text":"Brhl\u00edk","link":"https:\/\/tinnunculus.sy-sy.cz\/index.php\/category\/ostatni-zvirena\/ptaci\/brhlik\/"},"img":{"alt_text":"","src":"https:\/\/i0.wp.com\/tinnunculus.sy-sy.cz\/wp-content\/uploads\/2017\/10\/20171012-1120491877_u.jpg?resize=350%2C200&ssl=1","width":350,"height":200,"srcset":"https:\/\/i0.wp.com\/tinnunculus.sy-sy.cz\/wp-content\/uploads\/2017\/10\/20171012-1120491877_u.jpg?resize=350%2C200&ssl=1 1x, https:\/\/i0.wp.com\/tinnunculus.sy-sy.cz\/wp-content\/uploads\/2017\/10\/20171012-1120491877_u.jpg?resize=525%2C300&ssl=1 1.5x, https:\/\/i0.wp.com\/tinnunculus.sy-sy.cz\/wp-content\/uploads\/2017\/10\/20171012-1120491877_u.jpg?resize=700%2C400&ssl=1 2x"},"classes":[]},{"id":37852,"url":"https:\/\/tinnunculus.sy-sy.cz\/index.php\/2024\/10\/02\/podzimni-tlupa\/","url_meta":{"origin":10253,"position":4},"title":"Podzimn\u00ed tlupa","author":"Zuzana Syrov\u00e1 An\u00fd\u017eov\u00e1","date":"02\/10\/2024","format":false,"excerpt":"Aneb o tom, jak se do na\u0161\u00ed lod\u017eie s podzimem vr\u00e1tila sm\u00ed\u0161en\u00e1 tlupa s\u00fdkorek doprov\u00e1zen\u00e1 brhl\u00edkem.","rel":"","context":"V \u201eBrhl\u00edk\u201c","block_context":{"text":"Brhl\u00edk","link":"https:\/\/tinnunculus.sy-sy.cz\/index.php\/category\/ostatni-zvirena\/ptaci\/brhlik\/"},"img":{"alt_text":"","src":"https:\/\/i0.wp.com\/tinnunculus.sy-sy.cz\/wp-content\/uploads\/2024\/10\/20241002-0958041023-e1727885068146.jpg?resize=350%2C200","width":350,"height":200,"srcset":"https:\/\/i0.wp.com\/tinnunculus.sy-sy.cz\/wp-content\/uploads\/2024\/10\/20241002-0958041023-e1727885068146.jpg?resize=350%2C200 1x, https:\/\/i0.wp.com\/tinnunculus.sy-sy.cz\/wp-content\/uploads\/2024\/10\/20241002-0958041023-e1727885068146.jpg?resize=525%2C300 1.5x, https:\/\/i0.wp.com\/tinnunculus.sy-sy.cz\/wp-content\/uploads\/2024\/10\/20241002-0958041023-e1727885068146.jpg?resize=700%2C400 2x"},"classes":[]},{"id":17294,"url":"https:\/\/tinnunculus.sy-sy.cz\/index.php\/2021\/10\/15\/operena-banda\/","url_meta":{"origin":10253,"position":5},"title":"Ope\u0159en\u00e1 banda","author":"Zuzana Syrov\u00e1 An\u00fd\u017eov\u00e1","date":"15\/10\/2021","format":false,"excerpt":"Aneb o drobotin\u011b, kter\u00e1 nav\u0161t\u011bvuje na\u0161i lod\u017eii.","rel":"","context":"V \u201eBrhl\u00edk\u201c","block_context":{"text":"Brhl\u00edk","link":"https:\/\/tinnunculus.sy-sy.cz\/index.php\/category\/ostatni-zvirena\/ptaci\/brhlik\/"},"img":{"alt_text":"","src":"https:\/\/i0.wp.com\/tinnunculus.sy-sy.cz\/wp-content\/uploads\/2021\/10\/20211012-1247493537-e1634315306763.jpg?resize=350%2C200&ssl=1","width":350,"height":200,"srcset":"https:\/\/i0.wp.com\/tinnunculus.sy-sy.cz\/wp-content\/uploads\/2021\/10\/20211012-1247493537-e1634315306763.jpg?resize=350%2C200&ssl=1 1x, https:\/\/i0.wp.com\/tinnunculus.sy-sy.cz\/wp-content\/uploads\/2021\/10\/20211012-1247493537-e1634315306763.jpg?resize=525%2C300&ssl=1 1.5x"},"classes":[]}],"jetpack_sharing_enabled":true,"_links":{"self":[{"href":"https:\/\/tinnunculus.sy-sy.cz\/index.php\/wp-json\/wp\/v2\/posts\/10253","targetHints":{"allow":["GET"]}}],"collection":[{"href":"https:\/\/tinnunculus.sy-sy.cz\/index.php\/wp-json\/wp\/v2\/posts"}],"about":[{"href":"https:\/\/tinnunculus.sy-sy.cz\/index.php\/wp-json\/wp\/v2\/types\/post"}],"author":[{"embeddable":true,"href":"https:\/\/tinnunculus.sy-sy.cz\/index.php\/wp-json\/wp\/v2\/users\/2"}],"replies":[{"embeddable":true,"href":"https:\/\/tinnunculus.sy-sy.cz\/index.php\/wp-json\/wp\/v2\/comments?post=10253"}],"version-history":[{"count":3,"href":"https:\/\/tinnunculus.sy-sy.cz\/index.php\/wp-json\/wp\/v2\/posts\/10253\/revisions"}],"predecessor-version":[{"id":45168,"href":"https:\/\/tinnunculus.sy-sy.cz\/index.php\/wp-json\/wp\/v2\/posts\/10253\/revisions\/45168"}],"wp:attachment":[{"href":"https:\/\/tinnunculus.sy-sy.cz\/index.php\/wp-json\/wp\/v2\/media?parent=10253"}],"wp:term":[{"taxonomy":"category","embeddable":true,"href":"https:\/\/tinnunculus.sy-sy.cz\/index.php\/wp-json\/wp\/v2\/categories?post=10253"},{"taxonomy":"post_tag","embeddable":true,"href":"https:\/\/tinnunculus.sy-sy.cz\/index.php\/wp-json\/wp\/v2\/tags?post=10253"}],"curies":[{"name":"wp","href":"https:\/\/api.w.org\/{rel}","templated":true}]}}